{"id":7778,"date":"2023-11-30T23:38:15","date_gmt":"2023-11-30T23:38:15","guid":{"rendered":"https:\/\/new.findnews5.com\/?p=7778"},"modified":"2023-11-30T23:38:16","modified_gmt":"2023-11-30T23:38:16","slug":"arian-canin-e-njohim-te-gjithe-por-shikoni-kush-eshte-bashkeshortja-e-tij","status":"publish","type":"post","link":"https:\/\/new.findnews5.com\/?p=7778","title":{"rendered":"Arian \u00c7anin e njohim te gjithe, por shikoni kush \u00ebsht\u00eb bashk\u00ebshortja e tij"},"content":{"rendered":"<div class=\"78954ae5fa42b68c1393fe3da4998882\" data-index=\"1\" style=\"float: none; margin:0px 0 0px 0; text-align:center;\">\n<div data-type=\"_mgwidget\" data-widget-id=\"1576712\">\r\n<\/div>\r\n<script>(function(w,q){w[q]=w[q]||[];w[q].push([\"_mgc.load\"])})(window,\"_mgq\");\r\n<\/script>\r\n\n<\/div>\n<p>N\u00ebse tentoni t\u00eb gjeni foto t\u00eb shumta t\u00eb Arjan \u00c7anit me bashk\u00ebshorten e tij n\u00eb Google, keq na vjen t\u2019ju themi, por do t\u00eb zhg\u00ebnjeheni.<\/p>\n<p>\u00cbsht\u00eb nj\u00eb foto e vjeter, kur \u00e7ifti sapo kishte nisur historin\u00eb e dashuris\u00eb.<\/p>\n<p>Si pjes\u00eb e televizionit Klan p\u00ebr vite me radh\u00eb, \u00c7ani s\u2019kishte si t\u00eb mungonte n\u00eb ceremonin\u00eb e 20-vjetorit t\u00eb emisionit \u2018Opinion\u2019 dhe bashk\u00eb me t\u00eb edhe bashk\u00ebshortja, Enida Petro me profesion stomatologe.<\/p>\n<p><img loading=\"lazy\" decoding=\"async\" class=\"alignnone size-medium wp-image-2513\" src=\"http:\/\/findnews5.com\/wp-content\/uploads\/2023\/11\/arj-300x146.webp\" alt=\"\" width=\"300\" height=\"146\" \/><\/p>\n\n<div style=\"font-size: 0px; height: 0px; line-height: 0px; margin: 0; padding: 0; clear: both;\"><\/div>","protected":false},"excerpt":{"rendered":"<p>N\u00ebse tentoni t\u00eb gjeni foto t\u00eb shumta t\u00eb Arjan \u00c7anit me bashk\u00ebshorten e tij n\u00eb Google, keq na vjen t\u2019ju themi, por do t\u00eb zhg\u00ebnjeheni. \u00cbsht\u00eb nj\u00eb&#8230; <\/p>\n","protected":false},"author":1,"featured_media":7779,"comment_status":"open","ping_status":"open","sticky":false,"template":"","format":"standard","meta":{"footnotes":""},"categories":[6],"tags":[],"class_list":["post-7778","post","type-post","status-publish","format-standard","has-post-thumbnail","hentry","category-lajme"],"_links":{"self":[{"href":"https:\/\/new.findnews5.com\/index.php?rest_route=\/wp\/v2\/posts\/7778","targetHints":{"allow":["GET"]}}],"collection":[{"href":"https:\/\/new.findnews5.com\/index.php?rest_route=\/wp\/v2\/posts"}],"about":[{"href":"https:\/\/new.findnews5.com\/index.php?rest_route=\/wp\/v2\/types\/post"}],"author":[{"embeddable":true,"href":"https:\/\/new.findnews5.com\/index.php?rest_route=\/wp\/v2\/users\/1"}],"replies":[{"embeddable":true,"href":"https:\/\/new.findnews5.com\/index.php?rest_route=%2Fwp%2Fv2%2Fcomments&post=7778"}],"version-history":[{"count":0,"href":"https:\/\/new.findnews5.com\/index.php?rest_route=\/wp\/v2\/posts\/7778\/revisions"}],"wp:featuredmedia":[{"embeddable":true,"href":"https:\/\/new.findnews5.com\/index.php?rest_route=\/wp\/v2\/media\/7779"}],"wp:attachment":[{"href":"https:\/\/new.findnews5.com\/index.php?rest_route=%2Fwp%2Fv2%2Fmedia&parent=7778"}],"wp:term":[{"taxonomy":"category","embeddable":true,"href":"https:\/\/new.findnews5.com\/index.php?rest_route=%2Fwp%2Fv2%2Fcategories&post=7778"},{"taxonomy":"post_tag","embeddable":true,"href":"https:\/\/new.findnews5.com\/index.php?rest_route=%2Fwp%2Fv2%2Ftags&post=7778"}],"curies":[{"name":"wp","href":"https:\/\/api.w.org\/{rel}","templated":true}]}}