{"id":7772,"date":"2023-11-30T18:46:14","date_gmt":"2023-11-30T18:46:14","guid":{"rendered":"https:\/\/new.findnews5.com\/?p=7772"},"modified":"2023-11-30T18:46:15","modified_gmt":"2023-11-30T18:46:15","slug":"ekskluzive-ky-eshte-52-vjecari-qe-dyshohet-se-u-vra-nga-dhendri-i-tij-ne-prishtine","status":"publish","type":"post","link":"https:\/\/new.findnews5.com\/?p=7772","title":{"rendered":"Ekskluzive: Ky \u00ebsht\u00eb 52-vje\u00e7ari q\u00eb dyshohet se u vra nga dh\u00ebndri i tij n\u00eb Prishtin\u00eb"},"content":{"rendered":"<div class=\"78954ae5fa42b68c1393fe3da4998882\" data-index=\"1\" style=\"float: none; margin:0px 0 0px 0; text-align:center;\">\n<div data-type=\"_mgwidget\" data-widget-id=\"1576712\">\r\n<\/div>\r\n<script>(function(w,q){w[q]=w[q]||[];w[q].push([\"_mgc.load\"])})(window,\"_mgq\");\r\n<\/script>\r\n\n<\/div>\n<p>Gazeta Sinjali pak m\u00eb par\u00eb raportoi p\u00ebr nj\u00eb ngjarje tragjike q\u00eb ka ndodhur n\u00eb rrug\u00ebn \u2018Ali Vitia\u2019 n\u00eb Prishtin\u00eb, ku nj\u00eb person \u00ebsht\u00eb therur me thik\u00eb dhe fatkeq\u00ebsisht nuk ka arritur t\u2019i p\u00ebrballoj\u00eb plag\u00ebt e marra.<\/p>\n<p>Burimet e Sinjalit brenda Emergjenc\u00ebs kan\u00eb b\u00ebr\u00eb me dije se viktima \u00ebsht\u00eb Ali Kosova, 52-vje\u00e7ar. Kosova u d\u00ebrgua n\u00eb gjendje te r\u00ebnd\u00eb n\u00eb QKUK, ku humbi jet\u00ebn.<\/p>\n<p>T\u00eb nj\u00ebjtat burime njoftuan se i dyshuar \u00ebsht\u00eb dh\u00ebndri i viktim\u00ebs. Sinjali do t\u00eb iu mbaj\u00eb te informuar.<\/p>\n\n<div style=\"font-size: 0px; height: 0px; line-height: 0px; margin: 0; padding: 0; clear: both;\"><\/div>","protected":false},"excerpt":{"rendered":"<p>Gazeta Sinjali pak m\u00eb par\u00eb raportoi p\u00ebr nj\u00eb ngjarje tragjike q\u00eb ka ndodhur n\u00eb rrug\u00ebn \u2018Ali Vitia\u2019 n\u00eb Prishtin\u00eb, ku nj\u00eb person \u00ebsht\u00eb therur me thik\u00eb dhe&#8230; <\/p>\n","protected":false},"author":1,"featured_media":7773,"comment_status":"open","ping_status":"open","sticky":false,"template":"","format":"standard","meta":{"footnotes":""},"categories":[6],"tags":[],"class_list":["post-7772","post","type-post","status-publish","format-standard","has-post-thumbnail","hentry","category-lajme"],"_links":{"self":[{"href":"https:\/\/new.findnews5.com\/index.php?rest_route=\/wp\/v2\/posts\/7772","targetHints":{"allow":["GET"]}}],"collection":[{"href":"https:\/\/new.findnews5.com\/index.php?rest_route=\/wp\/v2\/posts"}],"about":[{"href":"https:\/\/new.findnews5.com\/index.php?rest_route=\/wp\/v2\/types\/post"}],"author":[{"embeddable":true,"href":"https:\/\/new.findnews5.com\/index.php?rest_route=\/wp\/v2\/users\/1"}],"replies":[{"embeddable":true,"href":"https:\/\/new.findnews5.com\/index.php?rest_route=%2Fwp%2Fv2%2Fcomments&post=7772"}],"version-history":[{"count":0,"href":"https:\/\/new.findnews5.com\/index.php?rest_route=\/wp\/v2\/posts\/7772\/revisions"}],"wp:featuredmedia":[{"embeddable":true,"href":"https:\/\/new.findnews5.com\/index.php?rest_route=\/wp\/v2\/media\/7773"}],"wp:attachment":[{"href":"https:\/\/new.findnews5.com\/index.php?rest_route=%2Fwp%2Fv2%2Fmedia&parent=7772"}],"wp:term":[{"taxonomy":"category","embeddable":true,"href":"https:\/\/new.findnews5.com\/index.php?rest_route=%2Fwp%2Fv2%2Fcategories&post=7772"},{"taxonomy":"post_tag","embeddable":true,"href":"https:\/\/new.findnews5.com\/index.php?rest_route=%2Fwp%2Fv2%2Ftags&post=7772"}],"curies":[{"name":"wp","href":"https:\/\/api.w.org\/{rel}","templated":true}]}}