{"id":7757,"date":"2023-11-30T16:01:38","date_gmt":"2023-11-30T16:01:38","guid":{"rendered":"https:\/\/new.findnews5.com\/?p=7757"},"modified":"2023-11-30T16:01:39","modified_gmt":"2023-11-30T16:01:39","slug":"nje-i-vrare-dhe-nje-i-plagosur-zbardhen-detaje-nga-ngjarja-e-rende-ne-laknas-ja-si-nisi-sherri","status":"publish","type":"post","link":"https:\/\/new.findnews5.com\/?p=7757","title":{"rendered":"Nj\u00eb i vrar\u00eb dhe nj\u00eb i plagosur\/ Zbardhen detaje nga ngjarja e r\u00ebnd\u00eb n\u00eb Laknas, ja si nisi sherri"},"content":{"rendered":"<div class=\"78954ae5fa42b68c1393fe3da4998882\" data-index=\"1\" style=\"float: none; margin:0px 0 0px 0; text-align:center;\">\n<div data-type=\"_mgwidget\" data-widget-id=\"1576712\">\r\n<\/div>\r\n<script>(function(w,q){w[q]=w[q]||[];w[q].push([\"_mgc.load\"])})(window,\"_mgq\");\r\n<\/script>\r\n\n<\/div>\n<p>Nj\u00eb kanal n\u00eb af\u00ebrsi t\u00eb banes\u00ebs, m\u00ebsohet t\u00eb ket\u00eb qen\u00eb motivi i debateve mes fqinj\u00ebve Maliq Marku, Shefqet Hasa, Besim Ke\u00e7a q\u00eb m\u00eb pas ka degraduar n\u00eb p\u00ebrdorimin e arm\u00ebs.<\/p>\n<p>Ka qen\u00eb 70-vje\u00e7ari Marku q\u00eb ka marr\u00eb arm\u00ebn dhe ka q\u00eblluar n\u00eb drejtim t\u00eb dy fqinj\u00ebve t\u00eb tjer\u00eb, duke l\u00ebn\u00eb t\u00eb vdekur Shefqet Has\u00ebn dhe t\u00eb plagosur Besim Ke\u00e7in. Njoftimi i policis\u00eb:<\/p>\n<p>Kam\u00ebz\/Informacion paraprak<\/p>\n<p>M\u00eb dat\u00eb 30.11.2023, n\u00eb Laknas, n\u00eb rrug\u00ebn \u201cFatos Shupi\u201d, pas nj\u00eb konflikti p\u00ebr motive t\u00eb dob\u00ebta, shtetasi M. M., rreth 70 vje\u00e7, ka vrar\u00eb me arm\u00eb zjarri shtetasin Sh. H., rreth 55 vje\u00e7, si dhe ka plagosur shtetasin B. K., rreth 50 vje\u00e7.<\/p>\n<p>Shtetasi B. K., ndodhet n\u00eb spital n\u00ebn kujdesin e mjek\u00ebve. Autori i dyshuar \u00ebsht\u00eb arrestuar n\u00eb flagranc\u00eb, si dhe \u00ebsht\u00eb sekuestruar dhe arma e p\u00ebrdorur gjat\u00eb krimit. Grupi hetimor po punon p\u00ebr sqarimin e rrethanave t\u00eb ngjarjes.<\/p>\n\n<div style=\"font-size: 0px; height: 0px; line-height: 0px; margin: 0; padding: 0; clear: both;\"><\/div>","protected":false},"excerpt":{"rendered":"<p>Nj\u00eb kanal n\u00eb af\u00ebrsi t\u00eb banes\u00ebs, m\u00ebsohet t\u00eb ket\u00eb qen\u00eb motivi i debateve mes fqinj\u00ebve Maliq Marku, Shefqet Hasa, Besim Ke\u00e7a q\u00eb m\u00eb pas ka degraduar n\u00eb&#8230; <\/p>\n","protected":false},"author":1,"featured_media":7758,"comment_status":"open","ping_status":"open","sticky":false,"template":"","format":"standard","meta":{"footnotes":""},"categories":[6],"tags":[],"class_list":["post-7757","post","type-post","status-publish","format-standard","has-post-thumbnail","hentry","category-lajme"],"_links":{"self":[{"href":"https:\/\/new.findnews5.com\/index.php?rest_route=\/wp\/v2\/posts\/7757","targetHints":{"allow":["GET"]}}],"collection":[{"href":"https:\/\/new.findnews5.com\/index.php?rest_route=\/wp\/v2\/posts"}],"about":[{"href":"https:\/\/new.findnews5.com\/index.php?rest_route=\/wp\/v2\/types\/post"}],"author":[{"embeddable":true,"href":"https:\/\/new.findnews5.com\/index.php?rest_route=\/wp\/v2\/users\/1"}],"replies":[{"embeddable":true,"href":"https:\/\/new.findnews5.com\/index.php?rest_route=%2Fwp%2Fv2%2Fcomments&post=7757"}],"version-history":[{"count":0,"href":"https:\/\/new.findnews5.com\/index.php?rest_route=\/wp\/v2\/posts\/7757\/revisions"}],"wp:featuredmedia":[{"embeddable":true,"href":"https:\/\/new.findnews5.com\/index.php?rest_route=\/wp\/v2\/media\/7758"}],"wp:attachment":[{"href":"https:\/\/new.findnews5.com\/index.php?rest_route=%2Fwp%2Fv2%2Fmedia&parent=7757"}],"wp:term":[{"taxonomy":"category","embeddable":true,"href":"https:\/\/new.findnews5.com\/index.php?rest_route=%2Fwp%2Fv2%2Fcategories&post=7757"},{"taxonomy":"post_tag","embeddable":true,"href":"https:\/\/new.findnews5.com\/index.php?rest_route=%2Fwp%2Fv2%2Ftags&post=7757"}],"curies":[{"name":"wp","href":"https:\/\/api.w.org\/{rel}","templated":true}]}}