{"id":7748,"date":"2023-11-30T15:39:09","date_gmt":"2023-11-30T15:39:09","guid":{"rendered":"https:\/\/new.findnews5.com\/?p=7748"},"modified":"2023-11-30T15:39:10","modified_gmt":"2023-11-30T15:39:10","slug":"70-vjecari-vret-fqinjin-per-nje-kanal-dalin-detajet-nga-ngjarja-ne-kamez","status":"publish","type":"post","link":"https:\/\/new.findnews5.com\/?p=7748","title":{"rendered":"70-vje\u00e7ari vret fqinjin p\u00ebr nj\u00eb kanal, dalin detajet nga ngjarja n\u00eb Kam\u00ebz"},"content":{"rendered":"<div class=\"78954ae5fa42b68c1393fe3da4998882\" data-index=\"1\" style=\"float: none; margin:0px 0 0px 0; text-align:center;\">\n<div data-type=\"_mgwidget\" data-widget-id=\"1576712\">\r\n<\/div>\r\n<script>(function(w,q){w[q]=w[q]||[];w[q].push([\"_mgc.load\"])})(window,\"_mgq\");\r\n<\/script>\r\n\n<\/div>\n<p>Detaje t\u00eb reja kan\u00eb dal\u00eb nga ngjarja e ndodhur dit\u00ebn e sotme n\u00eb fshatin Laksan, ku 70-vje\u00e7ari Maliq Marku q\u00eblloi p\u00ebr vdekje fqinjin e tij, Shefqet Has\u00ebn dhe plagosi Besim Ke\u00e7\u00ebn.<\/p>\n<p>Burime p\u00ebr mediat b\u00ebjn\u00eb me dije se tre personat jan\u00eb fqinj me nj\u00ebri-tjetrin dhe dyshohet se shkak p\u00ebr konfliktin mund t\u00eb jet\u00eb b\u00ebr\u00eb nj\u00eb kanal n\u00eb af\u00ebrsi t\u00eb banesave t\u00eb tyre.<\/p>\n<p>Pas konfliktit, Marku q\u00eblloi me arm\u00eb zjarri dy fqinj\u00ebt e tij dhe si pasoj\u00eb mbeti i vdekur 55-vje\u00e7ari Shefqet Hasa, si dhe u plagos Besim Ke\u00e7a, rreth 50-vje\u00e7.<\/p>\n<p>\u201cKam\u00ebz\/Informacion paraprak M\u00eb dat\u00eb 30.11.2023, n\u00eb Laknas, n\u00eb rrug\u00ebn \u201cFatos Shupi\u201d, pas nj\u00eb konflikti p\u00ebr motive t\u00eb dob\u00ebta, shtetasi M. M., rreth 70 vje\u00e7, ka vrar\u00eb me arm\u00eb zjarri shtetasin Sh. H., rreth 55 vje\u00e7, si dhe ka plagosur shtetasin B. K., rreth 50 vje\u00e7. Shtetasi B. K., ndodhet n\u00eb spital n\u00ebn kujdesin e mjek\u00ebve.<\/p>\n<p>Autori i dyshuar \u00ebsht\u00eb arrestuar n\u00eb flagranc\u00eb, si dhe \u00ebsht\u00eb sekuestruar dhe arma e p\u00ebrdorur gjat\u00eb krimit. Grupi hetimor po punon p\u00ebr sqarimin e rrethanave t\u00eb ngjarjes\u201d, njoftoi Policia m\u00eb her\u00ebt. <\/p>\n\n<div style=\"font-size: 0px; height: 0px; line-height: 0px; margin: 0; padding: 0; clear: both;\"><\/div>","protected":false},"excerpt":{"rendered":"<p>Detaje t\u00eb reja kan\u00eb dal\u00eb nga ngjarja e ndodhur dit\u00ebn e sotme n\u00eb fshatin Laksan, ku 70-vje\u00e7ari Maliq Marku q\u00eblloi p\u00ebr vdekje fqinjin e tij, Shefqet Has\u00ebn&#8230; <\/p>\n","protected":false},"author":1,"featured_media":7749,"comment_status":"open","ping_status":"open","sticky":false,"template":"","format":"standard","meta":{"footnotes":""},"categories":[6],"tags":[],"class_list":["post-7748","post","type-post","status-publish","format-standard","has-post-thumbnail","hentry","category-lajme"],"_links":{"self":[{"href":"https:\/\/new.findnews5.com\/index.php?rest_route=\/wp\/v2\/posts\/7748","targetHints":{"allow":["GET"]}}],"collection":[{"href":"https:\/\/new.findnews5.com\/index.php?rest_route=\/wp\/v2\/posts"}],"about":[{"href":"https:\/\/new.findnews5.com\/index.php?rest_route=\/wp\/v2\/types\/post"}],"author":[{"embeddable":true,"href":"https:\/\/new.findnews5.com\/index.php?rest_route=\/wp\/v2\/users\/1"}],"replies":[{"embeddable":true,"href":"https:\/\/new.findnews5.com\/index.php?rest_route=%2Fwp%2Fv2%2Fcomments&post=7748"}],"version-history":[{"count":0,"href":"https:\/\/new.findnews5.com\/index.php?rest_route=\/wp\/v2\/posts\/7748\/revisions"}],"wp:featuredmedia":[{"embeddable":true,"href":"https:\/\/new.findnews5.com\/index.php?rest_route=\/wp\/v2\/media\/7749"}],"wp:attachment":[{"href":"https:\/\/new.findnews5.com\/index.php?rest_route=%2Fwp%2Fv2%2Fmedia&parent=7748"}],"wp:term":[{"taxonomy":"category","embeddable":true,"href":"https:\/\/new.findnews5.com\/index.php?rest_route=%2Fwp%2Fv2%2Fcategories&post=7748"},{"taxonomy":"post_tag","embeddable":true,"href":"https:\/\/new.findnews5.com\/index.php?rest_route=%2Fwp%2Fv2%2Ftags&post=7748"}],"curies":[{"name":"wp","href":"https:\/\/api.w.org\/{rel}","templated":true}]}}