{"id":7745,"date":"2023-11-30T11:54:27","date_gmt":"2023-11-30T11:54:27","guid":{"rendered":"https:\/\/new.findnews5.com\/?p=7745"},"modified":"2023-11-30T11:54:28","modified_gmt":"2023-11-30T11:54:28","slug":"nuk-do-te-jene-me-te-izoluar-rama-qe-ne-mengjes-tregon-uren-e-re-qe-lidh","status":"publish","type":"post","link":"https:\/\/new.findnews5.com\/?p=7745","title":{"rendered":"\u201cNuk do t\u00eb jen\u00eb m\u00eb t\u00eb izoluar!\u201d\/ Rama q\u00eb n\u00eb m\u00ebngjes tregon ur\u00ebn e re q\u00eb lidh\u2026"},"content":{"rendered":"<div class=\"78954ae5fa42b68c1393fe3da4998882\" data-index=\"1\" style=\"float: none; margin:0px 0 0px 0; text-align:center;\">\n<div data-type=\"_mgwidget\" data-widget-id=\"1576712\">\r\n<\/div>\r\n<script>(function(w,q){w[q]=w[q]||[];w[q].push([\"_mgc.load\"])})(window,\"_mgq\");\r\n<\/script>\r\n\n<\/div>\n<p>Kryeministri i Shqip\u00ebris\u00eb, Edi Rama ka ndar\u00eb pamjet nga ura e re n\u00eb P\u00ebrmet, e cila kalon mbi lumin Vjos\u00eb.<\/p>\n<p>Rama thot\u00eb se kjo ur\u00eb e re lidh disa fshatra t\u00eb bukura me nj\u00ebri-tjetrin q\u00eb deri dje kan\u00eb qen\u00eb pothuajse t\u00eb izoluar p\u00ebr shkak t\u00eb munges\u00ebs s\u00eb k\u00ebtij investimi si dhe ju leht\u00ebson jet\u00ebn banor\u00ebve t\u00eb zon\u00ebs.<\/p>\n<p>\u201cMIR\u00cbM\u00cbNGJES dhe me ur\u00ebn e re n\u00eb bashkin\u00eb P\u00ebrmet, e cila kalon mbi lumin Vjos\u00eb, dhe lidh disa fshatra t\u00eb bukur me nj\u00ebri-tjetrin q\u00eb deri dje kan\u00eb qen\u00eb pothuaj t\u00eb izoluar prej munges\u00ebs s\u00eb k\u00ebtij investimi, duke i futur edhe n\u00eb hart\u00ebn e P\u00ebrmetit turistik p\u00ebrve\u00e7se leht\u00ebsuar jet\u00ebn e vet\u00eb banor\u00ebve, ju uroj nj\u00eb dit\u00eb t\u00eb bukur\u201d, shkruan Rama.<\/p>\n\n<div style=\"font-size: 0px; height: 0px; line-height: 0px; margin: 0; padding: 0; clear: both;\"><\/div>","protected":false},"excerpt":{"rendered":"<p>Kryeministri i Shqip\u00ebris\u00eb, Edi Rama ka ndar\u00eb pamjet nga ura e re n\u00eb P\u00ebrmet, e cila kalon mbi lumin Vjos\u00eb. Rama thot\u00eb se kjo ur\u00eb e re&#8230; <\/p>\n","protected":false},"author":1,"featured_media":7746,"comment_status":"open","ping_status":"open","sticky":false,"template":"","format":"standard","meta":{"footnotes":""},"categories":[6],"tags":[],"class_list":["post-7745","post","type-post","status-publish","format-standard","has-post-thumbnail","hentry","category-lajme"],"_links":{"self":[{"href":"https:\/\/new.findnews5.com\/index.php?rest_route=\/wp\/v2\/posts\/7745","targetHints":{"allow":["GET"]}}],"collection":[{"href":"https:\/\/new.findnews5.com\/index.php?rest_route=\/wp\/v2\/posts"}],"about":[{"href":"https:\/\/new.findnews5.com\/index.php?rest_route=\/wp\/v2\/types\/post"}],"author":[{"embeddable":true,"href":"https:\/\/new.findnews5.com\/index.php?rest_route=\/wp\/v2\/users\/1"}],"replies":[{"embeddable":true,"href":"https:\/\/new.findnews5.com\/index.php?rest_route=%2Fwp%2Fv2%2Fcomments&post=7745"}],"version-history":[{"count":0,"href":"https:\/\/new.findnews5.com\/index.php?rest_route=\/wp\/v2\/posts\/7745\/revisions"}],"wp:featuredmedia":[{"embeddable":true,"href":"https:\/\/new.findnews5.com\/index.php?rest_route=\/wp\/v2\/media\/7746"}],"wp:attachment":[{"href":"https:\/\/new.findnews5.com\/index.php?rest_route=%2Fwp%2Fv2%2Fmedia&parent=7745"}],"wp:term":[{"taxonomy":"category","embeddable":true,"href":"https:\/\/new.findnews5.com\/index.php?rest_route=%2Fwp%2Fv2%2Fcategories&post=7745"},{"taxonomy":"post_tag","embeddable":true,"href":"https:\/\/new.findnews5.com\/index.php?rest_route=%2Fwp%2Fv2%2Ftags&post=7745"}],"curies":[{"name":"wp","href":"https:\/\/api.w.org\/{rel}","templated":true}]}}