{"id":7727,"date":"2023-11-30T11:25:34","date_gmt":"2023-11-30T11:25:34","guid":{"rendered":"https:\/\/new.findnews5.com\/?p=7727"},"modified":"2023-11-30T11:25:36","modified_gmt":"2023-11-30T11:25:36","slug":"jul-deda-zbulon-porosine-e-fundit-qe-zefi-i-la-familjes-para-ndarjes-nga-jeta-dua-qe","status":"publish","type":"post","link":"https:\/\/new.findnews5.com\/?p=7727","title":{"rendered":"Jul Deda zbulon porosin\u00eb e fundit q\u00eb Zefi i la familjes para ndarjes nga jeta: Dua qe.."},"content":{"rendered":"<div class=\"78954ae5fa42b68c1393fe3da4998882\" data-index=\"1\" style=\"float: none; margin:0px 0 0px 0; text-align:center;\">\n<div data-type=\"_mgwidget\" data-widget-id=\"1576712\">\r\n<\/div>\r\n<script>(function(w,q){w[q]=w[q]||[];w[q].push([\"_mgc.load\"])})(window,\"_mgq\");\r\n<\/script>\r\n\n<\/div>\n<p>Ju dua t\u00eb qeshur\u201d- ka qen\u00eb porosia q\u00eb Zefi u ka l\u00ebn\u00eb f\u00ebmij\u00ebve dhe bashk\u00ebshortes s\u00eb tij, dhe k\u00ebshtu shfaqen n\u00eb nj\u00eb foto q\u00eb i biri i tij, Juli shp\u00ebrndan n\u00eb Facebook.<\/p>\n<p>Julian Deda, p\u00ebrmes k\u00ebtij postimi ka treguar porosin\u00eb e fundit q\u00eb i la i ati i tij i ndjer\u00eb, Zef Deda, i cili u nda nga jeta m\u00eb 24 n\u00ebntor.<\/p>\n<p>Ai gjithashtu ka fal\u00ebnderuar t\u00eb gjith\u00eb p\u00ebr mb\u00ebshtetjen dhe respektin e treguar n\u00eb k\u00ebto dit\u00eb t\u00eb v\u00ebshtira. \u201cPorosia e tij e fundit \u201cju du t\u2019qeshun\u201d, do shkoje ne vend. Familja jone falenderon perzemersisht secilin nga ju, per mbeshtetjen dhe respektin e treguar. Ju duam..!\u201d, shkruan Jul Deda.<\/p>\n\n<div style=\"font-size: 0px; height: 0px; line-height: 0px; margin: 0; padding: 0; clear: both;\"><\/div>","protected":false},"excerpt":{"rendered":"<p>Ju dua t\u00eb qeshur\u201d- ka qen\u00eb porosia q\u00eb Zefi u ka l\u00ebn\u00eb f\u00ebmij\u00ebve dhe bashk\u00ebshortes s\u00eb tij, dhe k\u00ebshtu shfaqen n\u00eb nj\u00eb foto q\u00eb i biri i&#8230; <\/p>\n","protected":false},"author":1,"featured_media":7728,"comment_status":"open","ping_status":"open","sticky":false,"template":"","format":"standard","meta":{"footnotes":""},"categories":[6],"tags":[],"class_list":["post-7727","post","type-post","status-publish","format-standard","has-post-thumbnail","hentry","category-lajme"],"_links":{"self":[{"href":"https:\/\/new.findnews5.com\/index.php?rest_route=\/wp\/v2\/posts\/7727","targetHints":{"allow":["GET"]}}],"collection":[{"href":"https:\/\/new.findnews5.com\/index.php?rest_route=\/wp\/v2\/posts"}],"about":[{"href":"https:\/\/new.findnews5.com\/index.php?rest_route=\/wp\/v2\/types\/post"}],"author":[{"embeddable":true,"href":"https:\/\/new.findnews5.com\/index.php?rest_route=\/wp\/v2\/users\/1"}],"replies":[{"embeddable":true,"href":"https:\/\/new.findnews5.com\/index.php?rest_route=%2Fwp%2Fv2%2Fcomments&post=7727"}],"version-history":[{"count":0,"href":"https:\/\/new.findnews5.com\/index.php?rest_route=\/wp\/v2\/posts\/7727\/revisions"}],"wp:featuredmedia":[{"embeddable":true,"href":"https:\/\/new.findnews5.com\/index.php?rest_route=\/wp\/v2\/media\/7728"}],"wp:attachment":[{"href":"https:\/\/new.findnews5.com\/index.php?rest_route=%2Fwp%2Fv2%2Fmedia&parent=7727"}],"wp:term":[{"taxonomy":"category","embeddable":true,"href":"https:\/\/new.findnews5.com\/index.php?rest_route=%2Fwp%2Fv2%2Fcategories&post=7727"},{"taxonomy":"post_tag","embeddable":true,"href":"https:\/\/new.findnews5.com\/index.php?rest_route=%2Fwp%2Fv2%2Ftags&post=7727"}],"curies":[{"name":"wp","href":"https:\/\/api.w.org\/{rel}","templated":true}]}}