{"id":7718,"date":"2023-11-30T01:31:36","date_gmt":"2023-11-30T01:31:36","guid":{"rendered":"https:\/\/new.findnews5.com\/?p=7718"},"modified":"2023-11-30T01:31:37","modified_gmt":"2023-11-30T01:31:37","slug":"uji-akull-i-ftoht-i-riu-shqiptar-hidhet-ne-lume-per-ti-shpetuar-policise-ne-austri-humb-jeten-tragjikisht","status":"publish","type":"post","link":"https:\/\/new.findnews5.com\/?p=7718","title":{"rendered":"Uji akull i ftoht\/ I riu shqiptar hidhet n\u00eb lum\u00eb p\u00ebr ti shp\u00ebtuar policis\u00eb n\u00eb Austri, humb jet\u00ebn tragjikisht!"},"content":{"rendered":"<div class=\"78954ae5fa42b68c1393fe3da4998882\" data-index=\"1\" style=\"float: none; margin:0px 0 0px 0; text-align:center;\">\n<div data-type=\"_mgwidget\" data-widget-id=\"1576712\">\r\n<\/div>\r\n<script>(function(w,q){w[q]=w[q]||[];w[q].push([\"_mgc.load\"])})(window,\"_mgq\");\r\n<\/script>\r\n\n<\/div>\n<p>Nj\u00eb 20-vje\u00e7ar shqiptar ka humbur jet\u00ebn n\u00eb Austri. mediat vendase raportojn\u00eb se 20-vje\u00e7ari shqiptar u hodh n\u00eb lumin Salzach nd\u00ebrsa po ndiqej nga policia.<\/p>\n<p>Edhe pse efektiv\u00ebt e policis\u00eb q\u00eb po e ndiqnin e nxor\u00ebn nga uji i akullt, shqiptari nuk ishte n\u00eb gjendje t\u00eb mbijetonte. Ai humbi jet\u00ebn n\u00eb Spitalin Universitar n\u00eb Salzburg. Policia dyshon se i riu mund t\u00eb merrej me trafiqe.<\/p>\n<p>Kjo p\u00ebr shkak se ai u largua me shpejt\u00ebsi me mjetin e tij kur policia i b\u00ebri shenj\u00eb q\u00eb t\u00eb ndalonte q\u00eb n\u00eb Gjermani. Ai kaloi kufirin me makin\u00ebn, q\u00eb mendohet se ishte e vjedhur. 20-vje\u00e7ari u p\u00ebrplas me nj\u00eb makin\u00eb policie dhe m\u00eb pas u arratis n\u00eb k\u00ebmb\u00eb.<\/p>\n<p>I riu u hodh n\u00eb lum\u00eb duke menduar se do t\u00eb notonte, por aty humbi ndjenjat. Shqiptari u d\u00ebrgua n\u00eb spital me helikopter, por ishte shum\u00eb von\u00eb p\u00ebr t\u00eb.<\/p>\n\n<div style=\"font-size: 0px; height: 0px; line-height: 0px; margin: 0; padding: 0; clear: both;\"><\/div>","protected":false},"excerpt":{"rendered":"<p>Nj\u00eb 20-vje\u00e7ar shqiptar ka humbur jet\u00ebn n\u00eb Austri. mediat vendase raportojn\u00eb se 20-vje\u00e7ari shqiptar u hodh n\u00eb lumin Salzach nd\u00ebrsa po ndiqej nga policia. Edhe pse efektiv\u00ebt&#8230; <\/p>\n","protected":false},"author":1,"featured_media":7719,"comment_status":"open","ping_status":"open","sticky":false,"template":"","format":"standard","meta":{"footnotes":""},"categories":[6],"tags":[],"class_list":["post-7718","post","type-post","status-publish","format-standard","has-post-thumbnail","hentry","category-lajme"],"_links":{"self":[{"href":"https:\/\/new.findnews5.com\/index.php?rest_route=\/wp\/v2\/posts\/7718","targetHints":{"allow":["GET"]}}],"collection":[{"href":"https:\/\/new.findnews5.com\/index.php?rest_route=\/wp\/v2\/posts"}],"about":[{"href":"https:\/\/new.findnews5.com\/index.php?rest_route=\/wp\/v2\/types\/post"}],"author":[{"embeddable":true,"href":"https:\/\/new.findnews5.com\/index.php?rest_route=\/wp\/v2\/users\/1"}],"replies":[{"embeddable":true,"href":"https:\/\/new.findnews5.com\/index.php?rest_route=%2Fwp%2Fv2%2Fcomments&post=7718"}],"version-history":[{"count":0,"href":"https:\/\/new.findnews5.com\/index.php?rest_route=\/wp\/v2\/posts\/7718\/revisions"}],"wp:featuredmedia":[{"embeddable":true,"href":"https:\/\/new.findnews5.com\/index.php?rest_route=\/wp\/v2\/media\/7719"}],"wp:attachment":[{"href":"https:\/\/new.findnews5.com\/index.php?rest_route=%2Fwp%2Fv2%2Fmedia&parent=7718"}],"wp:term":[{"taxonomy":"category","embeddable":true,"href":"https:\/\/new.findnews5.com\/index.php?rest_route=%2Fwp%2Fv2%2Fcategories&post=7718"},{"taxonomy":"post_tag","embeddable":true,"href":"https:\/\/new.findnews5.com\/index.php?rest_route=%2Fwp%2Fv2%2Ftags&post=7718"}],"curies":[{"name":"wp","href":"https:\/\/api.w.org\/{rel}","templated":true}]}}