{"id":7712,"date":"2023-11-30T01:09:26","date_gmt":"2023-11-30T01:09:26","guid":{"rendered":"https:\/\/new.findnews5.com\/?p=7712"},"modified":"2023-11-30T01:09:27","modified_gmt":"2023-11-30T01:09:27","slug":"rasti-i-rende-ne-prishtine-grabitesit-dyshohet-se-e-vrane-gruan-e-naim-musrelit-dhe-u-zhduken","status":"publish","type":"post","link":"https:\/\/new.findnews5.com\/?p=7712","title":{"rendered":"Rasti i r\u00ebnd\u00eb n\u00eb Prishtin\u00eb: Grabit\u00ebsit dyshohet se e vr*an\u00eb gruan e Naim Musrelit dhe u zhduk\u00ebn"},"content":{"rendered":"<div class=\"78954ae5fa42b68c1393fe3da4998882\" data-index=\"1\" style=\"float: none; margin:0px 0 0px 0; text-align:center;\">\n<div data-type=\"_mgwidget\" data-widget-id=\"1576712\">\r\n<\/div>\r\n<script>(function(w,q){w[q]=w[q]||[];w[q].push([\"_mgc.load\"])})(window,\"_mgq\");\r\n<\/script>\r\n\n<\/div>\n<p>Policia e Kosov\u00ebs e ka konfirmuar raportimin e Sinjalit p\u00ebr vrasjen e r\u00ebnd\u00eb q\u00eb ka ndodhur sonte n\u00eb Prishtin\u00eb, ku si pasoj\u00eb e t\u00eb sht\u00ebnave me arm\u00eb ka humbur jet\u00ebn nj\u00eb grua, Si\u00e7 merr vesh Gazeta Sinjali, viktim\u00eb \u00ebsht\u00eb gruaja e Naim Murselit, ish k\u00ebshilltar i ish-presidentit t\u00eb Kosov\u00ebs, Behgjet Pacollit.<\/p>\n<p>Sinjali ka m\u00ebsuar disa detaje nga rr\u00ebfimi i Naim Murselit, para zyrtar\u00ebve policor\u00eb p\u00ebr incidentin tragjik q\u00eb iu ndodhi. Rasti dyshohet t\u00eb ket\u00eb ndodhur gjat\u00eb koh\u00ebs kur Murseli bashk\u00eb me gruan e f\u00ebmij\u00ebt ndodheshin n\u00eb vetur\u00eb, kur papritmas ua kan\u00eb z\u00ebn\u00eb prit\u00ebn disa grabit\u00ebs, t\u00eb cil\u00ebt i pla\u00e7kit\u00ebn.<\/p>\n<p>Bazuar n\u00eb deklarat\u00ebn e Murselit q\u00eb e ka dh\u00ebn\u00eb para hetuesve policor\u00eb, i nj\u00ebjti ka deklaruar se hajnat fillimisht iu kan\u00eb k\u00ebrkuar gj\u00ebrat me vler\u00eb, duke marr\u00eb parat\u00eb dhe telefonat.<\/p>\n<p>Kjo situat\u00eb e tmerrshme dyshohet se e detyroi Murselin q\u00eb t\u2019i largoj\u00eb f\u00ebmij\u00ebt nga vetura, por aty mbeti bashk\u00ebshortja e tij, e cila fatkeq\u00ebsisht u vra me arm\u00eb zjarri.<\/p>\n\n<div style=\"font-size: 0px; height: 0px; line-height: 0px; margin: 0; padding: 0; clear: both;\"><\/div>","protected":false},"excerpt":{"rendered":"<p>Policia e Kosov\u00ebs e ka konfirmuar raportimin e Sinjalit p\u00ebr vrasjen e r\u00ebnd\u00eb q\u00eb ka ndodhur sonte n\u00eb Prishtin\u00eb, ku si pasoj\u00eb e t\u00eb sht\u00ebnave me arm\u00eb&#8230; <\/p>\n","protected":false},"author":1,"featured_media":7713,"comment_status":"open","ping_status":"open","sticky":false,"template":"","format":"standard","meta":{"footnotes":""},"categories":[6],"tags":[],"class_list":["post-7712","post","type-post","status-publish","format-standard","has-post-thumbnail","hentry","category-lajme"],"_links":{"self":[{"href":"https:\/\/new.findnews5.com\/index.php?rest_route=\/wp\/v2\/posts\/7712","targetHints":{"allow":["GET"]}}],"collection":[{"href":"https:\/\/new.findnews5.com\/index.php?rest_route=\/wp\/v2\/posts"}],"about":[{"href":"https:\/\/new.findnews5.com\/index.php?rest_route=\/wp\/v2\/types\/post"}],"author":[{"embeddable":true,"href":"https:\/\/new.findnews5.com\/index.php?rest_route=\/wp\/v2\/users\/1"}],"replies":[{"embeddable":true,"href":"https:\/\/new.findnews5.com\/index.php?rest_route=%2Fwp%2Fv2%2Fcomments&post=7712"}],"version-history":[{"count":0,"href":"https:\/\/new.findnews5.com\/index.php?rest_route=\/wp\/v2\/posts\/7712\/revisions"}],"wp:featuredmedia":[{"embeddable":true,"href":"https:\/\/new.findnews5.com\/index.php?rest_route=\/wp\/v2\/media\/7713"}],"wp:attachment":[{"href":"https:\/\/new.findnews5.com\/index.php?rest_route=%2Fwp%2Fv2%2Fmedia&parent=7712"}],"wp:term":[{"taxonomy":"category","embeddable":true,"href":"https:\/\/new.findnews5.com\/index.php?rest_route=%2Fwp%2Fv2%2Fcategories&post=7712"},{"taxonomy":"post_tag","embeddable":true,"href":"https:\/\/new.findnews5.com\/index.php?rest_route=%2Fwp%2Fv2%2Ftags&post=7712"}],"curies":[{"name":"wp","href":"https:\/\/api.w.org\/{rel}","templated":true}]}}