{"id":7703,"date":"2023-11-30T00:43:10","date_gmt":"2023-11-30T00:43:10","guid":{"rendered":"https:\/\/new.findnews5.com\/?p=7703"},"modified":"2023-11-30T00:43:11","modified_gmt":"2023-11-30T00:43:11","slug":"arbereshet-i-bashkohen-parades-ne-tirane-ticiana-basta-me-zemer-e-gjak-jam-shqiptare","status":"publish","type":"post","link":"https:\/\/new.findnews5.com\/?p=7703","title":{"rendered":"Arb\u00ebreshet i bashkohen parad\u00ebs n\u00eb Tiran\u00eb, Ticiana Basta: Me zem\u00ebr e gjak jam shqiptare"},"content":{"rendered":"<div class=\"78954ae5fa42b68c1393fe3da4998882\" data-index=\"1\" style=\"float: none; margin:0px 0 0px 0; text-align:center;\">\n<div data-type=\"_mgwidget\" data-widget-id=\"1576712\">\r\n<\/div>\r\n<script>(function(w,q){w[q]=w[q]||[];w[q].push([\"_mgc.load\"])})(window,\"_mgq\");\r\n<\/script>\r\n\n<\/div>\n<p> Ticiana Basta ka ardhur nga Italia p\u00ebr t\u00eb marr\u00eb pjes\u00eb n\u00eb parad\u00ebn q\u00eb organizohet sot n\u00eb Tiran\u00eb p\u00ebr 111 vjetorin e Dit\u00ebs s\u00eb Pavar\u00ebsis\u00eb.<\/p>\n<p>\u201cNe kemi lindur n\u00eb Itali por traditat tona jan\u00eb t\u00eb gjitha shqiptare dhe zemra jon\u00eb \u00ebsht\u00eb shqiptare. Gjaku jon\u00eb \u00ebsht\u00eb i shprishur\u201d thot\u00eb Ticiana Basta n\u00eb nj\u00eb prononcim p\u00ebr Report Tv. Tregon se prej 200 vitesh e ruajn\u00eb veshjen si tradit\u00eb.<\/p>\n<p>\u201cVeshja popullore 200 vjet q\u00eb e mbajm\u00eb. Ruajm\u00eb \u00ebmb\u00eblsirat. F\u00ebmij\u00ebt i m\u00ebsojm\u00eb t\u00eb mos harrojn\u00eb kurr\u00eb traditat dhe ti ruajn\u00eb e t\u00eb mos i harrojn\u00eb kurr\u00eb. Ajo \u00ebsht\u00eb zv\/kryetare e bashkis\u00eb e komun\u00ebs arb\u00ebreshe, San Nicola dell\u2019Alto dhe tregon se nj\u00eb profesor po p\u00ebrpiqet t\u00eb zbuloj\u00eb rr\u00ebnj\u00ebt e saj.<\/p>\n<p>\u201cUn\u00eb e di q\u00eb mbiemri Basta \u00ebsht\u00eb nga Tirana. Nj\u00eb profesor po p\u00ebrpiqet t\u00eb zbuloj\u00eb rr\u00ebnj\u00ebt. Un\u00eb vij shpesh n\u00eb Shqip\u00ebri. Erdha n\u00eb qershor dhe do t\u00eb vij dhe k\u00ebt\u00eb vit. P\u00ebr mua k\u00ebtu \u00ebsht\u00eb sht\u00ebpia ime\u201d tregon Ticiana Basta p\u00ebr gazetaren e Report Tv.<\/p>\n\n<div style=\"font-size: 0px; height: 0px; line-height: 0px; margin: 0; padding: 0; clear: both;\"><\/div>","protected":false},"excerpt":{"rendered":"<p>Ticiana Basta ka ardhur nga Italia p\u00ebr t\u00eb marr\u00eb pjes\u00eb n\u00eb parad\u00ebn q\u00eb organizohet sot n\u00eb Tiran\u00eb p\u00ebr 111 vjetorin e Dit\u00ebs s\u00eb Pavar\u00ebsis\u00eb. \u201cNe kemi lindur&#8230; <\/p>\n","protected":false},"author":1,"featured_media":7704,"comment_status":"open","ping_status":"open","sticky":false,"template":"","format":"standard","meta":{"footnotes":""},"categories":[6],"tags":[],"class_list":["post-7703","post","type-post","status-publish","format-standard","has-post-thumbnail","hentry","category-lajme"],"_links":{"self":[{"href":"https:\/\/new.findnews5.com\/index.php?rest_route=\/wp\/v2\/posts\/7703","targetHints":{"allow":["GET"]}}],"collection":[{"href":"https:\/\/new.findnews5.com\/index.php?rest_route=\/wp\/v2\/posts"}],"about":[{"href":"https:\/\/new.findnews5.com\/index.php?rest_route=\/wp\/v2\/types\/post"}],"author":[{"embeddable":true,"href":"https:\/\/new.findnews5.com\/index.php?rest_route=\/wp\/v2\/users\/1"}],"replies":[{"embeddable":true,"href":"https:\/\/new.findnews5.com\/index.php?rest_route=%2Fwp%2Fv2%2Fcomments&post=7703"}],"version-history":[{"count":0,"href":"https:\/\/new.findnews5.com\/index.php?rest_route=\/wp\/v2\/posts\/7703\/revisions"}],"wp:featuredmedia":[{"embeddable":true,"href":"https:\/\/new.findnews5.com\/index.php?rest_route=\/wp\/v2\/media\/7704"}],"wp:attachment":[{"href":"https:\/\/new.findnews5.com\/index.php?rest_route=%2Fwp%2Fv2%2Fmedia&parent=7703"}],"wp:term":[{"taxonomy":"category","embeddable":true,"href":"https:\/\/new.findnews5.com\/index.php?rest_route=%2Fwp%2Fv2%2Fcategories&post=7703"},{"taxonomy":"post_tag","embeddable":true,"href":"https:\/\/new.findnews5.com\/index.php?rest_route=%2Fwp%2Fv2%2Ftags&post=7703"}],"curies":[{"name":"wp","href":"https:\/\/api.w.org\/{rel}","templated":true}]}}