{"id":7700,"date":"2023-11-30T00:37:21","date_gmt":"2023-11-30T00:37:21","guid":{"rendered":"https:\/\/new.findnews5.com\/?p=7700"},"modified":"2023-11-30T00:37:22","modified_gmt":"2023-11-30T00:37:22","slug":"cfare-dihet-deri-tani-burri-shpetoi-veten-dhe-femijet-gruan-ia-vrane-ne-makine","status":"publish","type":"post","link":"https:\/\/new.findnews5.com\/?p=7700","title":{"rendered":"\u00c7far\u00eb dihet deri tani\/ Burri shp\u00ebtoi veten dhe f\u00ebmij\u00ebt, gruan ia vran\u00eb n\u00eb makin\u00eb"},"content":{"rendered":"<div class=\"78954ae5fa42b68c1393fe3da4998882\" data-index=\"1\" style=\"float: none; margin:0px 0 0px 0; text-align:center;\">\n<div data-type=\"_mgwidget\" data-widget-id=\"1576712\">\r\n<\/div>\r\n<script>(function(w,q){w[q]=w[q]||[];w[q].push([\"_mgc.load\"])})(window,\"_mgq\");\r\n<\/script>\r\n\n<\/div>\n<p>Nj\u00eb rast tragjik ndodhi sonte, n\u00eb rrug\u00ebn \u201cDalip Alshiqi\u201d n\u00eb Prishtin\u00eb, ku u vra gruaja e Naim Murselit, k\u00ebshilltarit t\u00eb ish-presidentit t\u00eb Kosov\u00ebs, Behgjet Pacollit.<\/p>\n<p>Familja Murseli dyshohet se u p\u00ebrball\u00ebn fillimisht me disa grabit\u00ebs, t\u00eb cil\u00ebt ua mor\u00ebn gj\u00ebsendet dhe m\u00eb pas sht\u00ebn\u00eb me arm\u00eb, duke l\u00ebn\u00eb t\u00eb vdekur Liridona Murselin, 33-vje\u00e7are, raporton Gazeta Sinjali.<\/p>\n<p>Kjo ngjarje tronditi gjith\u00eb familjen Murseli dhe hetimet tash\u00ebm kan\u00eb nisur p\u00ebr t\u00eb zbardhur rrethanat dhe motivet e rastit. Sipas informacioneve t\u00eb para, Murseli ka deklaruar se i ka d\u00ebgjuar vet\u00ebm krismat dhe asgj\u00eb nuk ka par\u00eb n\u00eb momentin kritik, kur dyshohet se ia q\u00eblluan gruan me arm\u00eb zjarri.<\/p>\n<p>Nd\u00ebrkoh\u00eb Sinjali ka m\u00ebsuar edhe detaje t\u00eb tjera p\u00ebr dy t\u00eb dyshuarit, t\u00eb cil\u00ebt arrit\u00ebn t\u00eb ikin nga vendi i ngjarjes, nd\u00ebrkoh\u00eb q\u00eb lokacioni ku ndodhi krimi tashm\u00eb \u00ebsht\u00eb rrethuar me shirita. Kjo situat\u00eb e tmerrshme dyshohet se e detyroi Murselin q\u00eb t\u2019i largoj\u00eb f\u00ebmij\u00ebt nga vetura, por aty mbeti bashk\u00ebshortja e tij, e cila fatkeq\u00ebsisht u vra me arm\u00eb zjarri.<\/p>\n<p>K\u00ebto jan\u00eb vet\u00ebm disa nga detajet q\u00eb Museli i ka rr\u00ebfyer para Policis\u00eb dhe sipas informacioneve q\u00eb jan\u00eb mbledhur deri m\u00eb tani pistat pritet t\u00eb zgjerohen dhe nuk do t\u00eb hetohet vet\u00ebm versioni i Murselit. Lajmin e ka konfirmuar Policia dhe ka njoftuar se trupi i pajet\u00eb u gjet brenda vetur\u00ebs.<\/p>\n\n<div style=\"font-size: 0px; height: 0px; line-height: 0px; margin: 0; padding: 0; clear: both;\"><\/div>","protected":false},"excerpt":{"rendered":"<p>Nj\u00eb rast tragjik ndodhi sonte, n\u00eb rrug\u00ebn \u201cDalip Alshiqi\u201d n\u00eb Prishtin\u00eb, ku u vra gruaja e Naim Murselit, k\u00ebshilltarit t\u00eb ish-presidentit t\u00eb Kosov\u00ebs, Behgjet Pacollit. Familja Murseli&#8230; <\/p>\n","protected":false},"author":1,"featured_media":7701,"comment_status":"open","ping_status":"open","sticky":false,"template":"","format":"standard","meta":{"footnotes":""},"categories":[6],"tags":[],"class_list":["post-7700","post","type-post","status-publish","format-standard","has-post-thumbnail","hentry","category-lajme"],"_links":{"self":[{"href":"https:\/\/new.findnews5.com\/index.php?rest_route=\/wp\/v2\/posts\/7700","targetHints":{"allow":["GET"]}}],"collection":[{"href":"https:\/\/new.findnews5.com\/index.php?rest_route=\/wp\/v2\/posts"}],"about":[{"href":"https:\/\/new.findnews5.com\/index.php?rest_route=\/wp\/v2\/types\/post"}],"author":[{"embeddable":true,"href":"https:\/\/new.findnews5.com\/index.php?rest_route=\/wp\/v2\/users\/1"}],"replies":[{"embeddable":true,"href":"https:\/\/new.findnews5.com\/index.php?rest_route=%2Fwp%2Fv2%2Fcomments&post=7700"}],"version-history":[{"count":0,"href":"https:\/\/new.findnews5.com\/index.php?rest_route=\/wp\/v2\/posts\/7700\/revisions"}],"wp:featuredmedia":[{"embeddable":true,"href":"https:\/\/new.findnews5.com\/index.php?rest_route=\/wp\/v2\/media\/7701"}],"wp:attachment":[{"href":"https:\/\/new.findnews5.com\/index.php?rest_route=%2Fwp%2Fv2%2Fmedia&parent=7700"}],"wp:term":[{"taxonomy":"category","embeddable":true,"href":"https:\/\/new.findnews5.com\/index.php?rest_route=%2Fwp%2Fv2%2Fcategories&post=7700"},{"taxonomy":"post_tag","embeddable":true,"href":"https:\/\/new.findnews5.com\/index.php?rest_route=%2Fwp%2Fv2%2Ftags&post=7700"}],"curies":[{"name":"wp","href":"https:\/\/api.w.org\/{rel}","templated":true}]}}