{"id":77,"date":"2023-05-18T21:49:18","date_gmt":"2023-05-18T21:49:18","guid":{"rendered":"https:\/\/new.findnews5.com\/?p=77"},"modified":"2023-05-18T21:49:19","modified_gmt":"2023-05-18T21:49:19","slug":"bashkeshorti-i-vr-au-vajzen-tefta-malaj-thirrje-mattarellas-me-ndihmoni-me-nenshtetesine-ndihem-e-persekutuar","status":"publish","type":"post","link":"https:\/\/new.findnews5.com\/?p=77","title":{"rendered":"Bashk\u00ebshorti i vr au vajz\u00ebn, Tefta Malaj thirrje Mattarellas: M\u00eb ndihmoni me n\u00ebnshtet\u00ebsin\u00eb, ndihem e persekutuar"},"content":{"rendered":"<div class=\"78954ae5fa42b68c1393fe3da4998882\" data-index=\"1\" style=\"float: none; margin:0px 0 0px 0; text-align:center;\">\n<div data-type=\"_mgwidget\" data-widget-id=\"1576712\">\r\n<\/div>\r\n<script>(function(w,q){w[q]=w[q]||[];w[q].push([\"_mgc.load\"])})(window,\"_mgq\");\r\n<\/script>\r\n\n<\/div>\n<p>Tefta Malaj, 39-vje\u00e7arja shqiptare q\u00eb u plagos nga bashk\u00ebshorti i saj n\u00eb Itali, ka l\u00ebn\u00eb ambientet e spitalit. Mediat italiane kan\u00eb raportuar se 39-vje\u00e7arja ndodhet n\u00eb gjendje t\u00eb v\u00ebshtir\u00eb emocionale, nd\u00ebrsa shihet se n\u00eb varrimin e s\u00eb bij\u00ebs ka qen\u00eb me karroc\u00eb me rrota.<\/p>\n<p>Gjithashtu avokati ka treguar se jan\u00eb nd\u00ebrmarr\u00eb veprime q\u00eb Tefta Malajt dhe djalit t\u00eb saj 5-vje\u00e7ar q\u00eb aktualisht \u00ebsht\u00eb n\u00eb kujdesin e punonj\u00ebsve social, t\u2019u sigurohet nj\u00eb sht\u00ebpi e re.<\/p>\n<p>Po ashtu ka treguar edhe k\u00ebrkes\u00ebn q\u00eb i ka b\u00ebr\u00eb presidentit italian: \u201cI b\u00ebra nj\u00eb apel Presidentit t\u00eb Republik\u00ebs, Sergio Mattarella pasi shpresojm\u00eb n\u00eb nd\u00ebrhyrjen q\u00eb t\u00eb nd\u00ebrhyj\u00eb n\u00eb k\u00ebrkes\u00ebn p\u00ebr n\u00ebnshtet\u00ebsin\u00eb italiane q\u00eb Tefta ka b\u00ebr\u00eb disa muaj m\u00eb par\u00eb. Ka mbi 18 vite q\u00eb jeton n\u00eb Itali, dy f\u00ebmij\u00ebt i kan\u00eb lindur n\u00eb Itali\u201d.<\/p>\n<p>Kujtojm\u00eb se ngjarja e r\u00ebnd\u00eb ndodhi t\u00eb pakt\u00eb 10 dit\u00eb m\u00eb par\u00eb. Ishte Taulant Malaj ai q\u00eb masakroi me thik\u00eb vajz\u00ebn 16-vje\u00e7are Xhesik\u00ebn, vrau nj\u00eb shtetas italian dhe goditi me thik\u00eb edhe bashk\u00ebshorten e tij Tefta Malaj, duke e akuzuar k\u00ebt\u00eb t\u00eb fundit se e tradhtonte me 51-vje\u00e7arin italian, Massimo De Santis.<\/p>\n\n<div style=\"font-size: 0px; height: 0px; line-height: 0px; margin: 0; padding: 0; clear: both;\"><\/div>","protected":false},"excerpt":{"rendered":"<p>Tefta Malaj, 39-vje\u00e7arja shqiptare q\u00eb u plagos nga bashk\u00ebshorti i saj n\u00eb Itali, ka l\u00ebn\u00eb ambientet e spitalit. Mediat italiane kan\u00eb raportuar se 39-vje\u00e7arja ndodhet n\u00eb gjendje&#8230; <\/p>\n","protected":false},"author":1,"featured_media":78,"comment_status":"open","ping_status":"open","sticky":false,"template":"","format":"standard","meta":{"footnotes":""},"categories":[1],"tags":[],"class_list":["post-77","post","type-post","status-publish","format-standard","has-post-thumbnail","hentry","category-uncategorized"],"_links":{"self":[{"href":"https:\/\/new.findnews5.com\/index.php?rest_route=\/wp\/v2\/posts\/77","targetHints":{"allow":["GET"]}}],"collection":[{"href":"https:\/\/new.findnews5.com\/index.php?rest_route=\/wp\/v2\/posts"}],"about":[{"href":"https:\/\/new.findnews5.com\/index.php?rest_route=\/wp\/v2\/types\/post"}],"author":[{"embeddable":true,"href":"https:\/\/new.findnews5.com\/index.php?rest_route=\/wp\/v2\/users\/1"}],"replies":[{"embeddable":true,"href":"https:\/\/new.findnews5.com\/index.php?rest_route=%2Fwp%2Fv2%2Fcomments&post=77"}],"version-history":[{"count":0,"href":"https:\/\/new.findnews5.com\/index.php?rest_route=\/wp\/v2\/posts\/77\/revisions"}],"wp:featuredmedia":[{"embeddable":true,"href":"https:\/\/new.findnews5.com\/index.php?rest_route=\/wp\/v2\/media\/78"}],"wp:attachment":[{"href":"https:\/\/new.findnews5.com\/index.php?rest_route=%2Fwp%2Fv2%2Fmedia&parent=77"}],"wp:term":[{"taxonomy":"category","embeddable":true,"href":"https:\/\/new.findnews5.com\/index.php?rest_route=%2Fwp%2Fv2%2Fcategories&post=77"},{"taxonomy":"post_tag","embeddable":true,"href":"https:\/\/new.findnews5.com\/index.php?rest_route=%2Fwp%2Fv2%2Ftags&post=77"}],"curies":[{"name":"wp","href":"https:\/\/api.w.org\/{rel}","templated":true}]}}