{"id":7697,"date":"2023-11-30T00:21:03","date_gmt":"2023-11-30T00:21:03","guid":{"rendered":"https:\/\/new.findnews5.com\/?p=7697"},"modified":"2023-11-30T00:21:04","modified_gmt":"2023-11-30T00:21:04","slug":"miremengjesi-rama-jep-lajmin-e-mire-bonusi-per-pensionistet-per-vitin-e-ri-do-te","status":"publish","type":"post","link":"https:\/\/new.findnews5.com\/?p=7697","title":{"rendered":"MIR\u00cbM\u00cbNGJESI: Rama jep LAJMIN E MIR\u00cb: Bonusi p\u00ebr pensionist\u00ebt p\u00ebr Vitin e Ri do t\u00eb\u2026"},"content":{"rendered":"<div class=\"78954ae5fa42b68c1393fe3da4998882\" data-index=\"1\" style=\"float: none; margin:0px 0 0px 0; text-align:center;\">\n<div data-type=\"_mgwidget\" data-widget-id=\"1576712\">\r\n<\/div>\r\n<script>(function(w,q){w[q]=w[q]||[];w[q].push([\"_mgc.load\"])})(window,\"_mgq\");\r\n<\/script>\r\n\n<\/div>\n<p>Kryeministri Edi Rama ka paralajm\u00ebruar se ndryshe nga vitet e tjera, bonusi p\u00ebr pensionist\u00ebt do t\u00eb shp\u00ebrndahet m\u00eb her\u00ebt k\u00ebt\u00eb fundvit.<\/p>\n<p>Gjat\u00eb fjal\u00ebs s\u00eb mbajtur n\u00eb Asamblen\u00eb e Zgjeruar t\u00eb Partis\u00eb Socialiste n\u00eb Vlor\u00eb, Rama tha se qeveria ka parashikuar nj\u00eb fond prej 250 milion eurosh p\u00ebr pensionist\u00ebt n\u00eb buxhetin e vitit t\u00eb ardhsh\u00ebm.<\/p>\n<p>\u201c250 milion euro n\u00eb buxhetin e vitit t\u00eb ardhsh\u00ebm p\u00ebr pensionist\u00ebt. Asnj\u00ebher\u00eb nuk duhet harruar se numri i pensionist\u00ebve krahasuar me t\u00eb gjith\u00eb t\u00eb tjer\u00ebt \u00ebsht\u00eb shum\u00eb i lart\u00eb. Bonusi i pensionistit kete vit do ta japim p\u00ebrs\u00ebri tani n\u00eb prag t\u00eb festave por ndryshe nga vitet e tjera pik\u00ebrisht p\u00ebr shkak se kemi nj\u00eb situat\u00eb financiare m\u00eb t\u00eb mir\u00eb se \u00e7do vit tjet\u00ebr do t\u00eb fillojm\u00eb ta japim menj\u00ebher\u00eb, brenda disa dit\u00ebsh do filloj\u00eb shp\u00ebrndarja e bonusit t\u00eb pensionist\u00ebve p\u00ebr festat e Vitit t\u00eb Ri si\u00e7 u b\u00eb dhe vitin e kaluar e gjat\u00eb gjith\u00eb viteve, por jo n\u00eb fund t\u00eb vitit por m\u00eb p\u00ebrpara\u201d- tha Rama&#8230;!!!<\/p>\n\n<div style=\"font-size: 0px; height: 0px; line-height: 0px; margin: 0; padding: 0; clear: both;\"><\/div>","protected":false},"excerpt":{"rendered":"<p>Kryeministri Edi Rama ka paralajm\u00ebruar se ndryshe nga vitet e tjera, bonusi p\u00ebr pensionist\u00ebt do t\u00eb shp\u00ebrndahet m\u00eb her\u00ebt k\u00ebt\u00eb fundvit. Gjat\u00eb fjal\u00ebs s\u00eb mbajtur n\u00eb Asamblen\u00eb&#8230; <\/p>\n","protected":false},"author":1,"featured_media":7698,"comment_status":"open","ping_status":"open","sticky":false,"template":"","format":"standard","meta":{"footnotes":""},"categories":[6],"tags":[],"class_list":["post-7697","post","type-post","status-publish","format-standard","has-post-thumbnail","hentry","category-lajme"],"_links":{"self":[{"href":"https:\/\/new.findnews5.com\/index.php?rest_route=\/wp\/v2\/posts\/7697","targetHints":{"allow":["GET"]}}],"collection":[{"href":"https:\/\/new.findnews5.com\/index.php?rest_route=\/wp\/v2\/posts"}],"about":[{"href":"https:\/\/new.findnews5.com\/index.php?rest_route=\/wp\/v2\/types\/post"}],"author":[{"embeddable":true,"href":"https:\/\/new.findnews5.com\/index.php?rest_route=\/wp\/v2\/users\/1"}],"replies":[{"embeddable":true,"href":"https:\/\/new.findnews5.com\/index.php?rest_route=%2Fwp%2Fv2%2Fcomments&post=7697"}],"version-history":[{"count":0,"href":"https:\/\/new.findnews5.com\/index.php?rest_route=\/wp\/v2\/posts\/7697\/revisions"}],"wp:featuredmedia":[{"embeddable":true,"href":"https:\/\/new.findnews5.com\/index.php?rest_route=\/wp\/v2\/media\/7698"}],"wp:attachment":[{"href":"https:\/\/new.findnews5.com\/index.php?rest_route=%2Fwp%2Fv2%2Fmedia&parent=7697"}],"wp:term":[{"taxonomy":"category","embeddable":true,"href":"https:\/\/new.findnews5.com\/index.php?rest_route=%2Fwp%2Fv2%2Fcategories&post=7697"},{"taxonomy":"post_tag","embeddable":true,"href":"https:\/\/new.findnews5.com\/index.php?rest_route=%2Fwp%2Fv2%2Ftags&post=7697"}],"curies":[{"name":"wp","href":"https:\/\/api.w.org\/{rel}","templated":true}]}}