{"id":7688,"date":"2023-11-29T23:39:51","date_gmt":"2023-11-29T23:39:51","guid":{"rendered":"https:\/\/new.findnews5.com\/?p=7688"},"modified":"2023-11-29T23:39:52","modified_gmt":"2023-11-29T23:39:52","slug":"zbardhen-detajet-e-krimit-te-rende-ne-prishtine-vritet-nga-grabitesit-gruaja-e-ish-keshilltarit-te-pacollit-shpetojne-mrekullisht-femijet","status":"publish","type":"post","link":"https:\/\/new.findnews5.com\/?p=7688","title":{"rendered":"Zbardhen detajet e krimit t\u00eb r\u00ebnd\u00eb n\u00eb Prishtin\u00eb\/ Vritet nga grabit\u00ebsit gruaja e ish-k\u00ebshilltarit t\u00eb Pacollit, shp\u00ebtojn\u00eb mrekullisht f\u00ebmij\u00ebt"},"content":{"rendered":"<div class=\"78954ae5fa42b68c1393fe3da4998882\" data-index=\"1\" style=\"float: none; margin:0px 0 0px 0; text-align:center;\">\n<div data-type=\"_mgwidget\" data-widget-id=\"1576712\">\r\n<\/div>\r\n<script>(function(w,q){w[q]=w[q]||[];w[q].push([\"_mgc.load\"])})(window,\"_mgq\");\r\n<\/script>\r\n\n<\/div>\n<p>  Zbardhen detajet t\u00eb tjera nga ngjarja e r\u00ebnd\u00eb n\u00eb Kosov\u00eb, ku u raportua se ishte vrar\u00eb nj\u00eb grua. Sipas mediave vendase, b\u00ebhet fjal\u00eb p\u00ebr nj\u00eb  grabitje t\u00eb armatosur ndaj Naim Murseli, ish k\u00ebshilltar i ish-presidentit t\u00eb Kosov\u00ebs, Behgjet Pacolli.<\/p>\n<p>Sipas \u201cBota Sot\u201d, ai ishte duke udh\u00ebtuar me makin\u00eb me gruan dhe f\u00ebmij\u00ebt e mitur dhe papritur jan\u00eb p\u00ebrballur me persona t\u00eb armatosur, q\u00eb kan\u00eb dashur t\u2019i grabisin.<\/p>\n<p>Bazuar n\u00eb deklarat\u00ebn q\u00eb Murseli ka dh\u00ebn\u00eb para hetuesve policor\u00eb, fillimisht iu kan\u00eb k\u00ebrkuar gj\u00ebrat me vler\u00eb, duke marr\u00eb parat\u00eb dhe telefonat.<\/p>\n<p>Kjo situat\u00eb e tmerrshme dyshohet se e detyroi Murselin q\u00eb t\u2019i largoj\u00eb f\u00ebmij\u00ebt nga vetura, por aty mbeti bashk\u00ebshortja e tij, e cila fatkeq\u00ebsisht u vra me arm\u00eb zjarri.<\/p>\n\n<div style=\"font-size: 0px; height: 0px; line-height: 0px; margin: 0; padding: 0; clear: both;\"><\/div>","protected":false},"excerpt":{"rendered":"<p>Zbardhen detajet t\u00eb tjera nga ngjarja e r\u00ebnd\u00eb n\u00eb Kosov\u00eb, ku u raportua se ishte vrar\u00eb nj\u00eb grua. Sipas mediave vendase, b\u00ebhet fjal\u00eb p\u00ebr nj\u00eb grabitje t\u00eb&#8230; <\/p>\n","protected":false},"author":1,"featured_media":7689,"comment_status":"open","ping_status":"open","sticky":false,"template":"","format":"standard","meta":{"footnotes":""},"categories":[6],"tags":[],"class_list":["post-7688","post","type-post","status-publish","format-standard","has-post-thumbnail","hentry","category-lajme"],"_links":{"self":[{"href":"https:\/\/new.findnews5.com\/index.php?rest_route=\/wp\/v2\/posts\/7688","targetHints":{"allow":["GET"]}}],"collection":[{"href":"https:\/\/new.findnews5.com\/index.php?rest_route=\/wp\/v2\/posts"}],"about":[{"href":"https:\/\/new.findnews5.com\/index.php?rest_route=\/wp\/v2\/types\/post"}],"author":[{"embeddable":true,"href":"https:\/\/new.findnews5.com\/index.php?rest_route=\/wp\/v2\/users\/1"}],"replies":[{"embeddable":true,"href":"https:\/\/new.findnews5.com\/index.php?rest_route=%2Fwp%2Fv2%2Fcomments&post=7688"}],"version-history":[{"count":0,"href":"https:\/\/new.findnews5.com\/index.php?rest_route=\/wp\/v2\/posts\/7688\/revisions"}],"wp:featuredmedia":[{"embeddable":true,"href":"https:\/\/new.findnews5.com\/index.php?rest_route=\/wp\/v2\/media\/7689"}],"wp:attachment":[{"href":"https:\/\/new.findnews5.com\/index.php?rest_route=%2Fwp%2Fv2%2Fmedia&parent=7688"}],"wp:term":[{"taxonomy":"category","embeddable":true,"href":"https:\/\/new.findnews5.com\/index.php?rest_route=%2Fwp%2Fv2%2Fcategories&post=7688"},{"taxonomy":"post_tag","embeddable":true,"href":"https:\/\/new.findnews5.com\/index.php?rest_route=%2Fwp%2Fv2%2Ftags&post=7688"}],"curies":[{"name":"wp","href":"https:\/\/api.w.org\/{rel}","templated":true}]}}