{"id":7685,"date":"2023-11-29T21:19:19","date_gmt":"2023-11-29T21:19:19","guid":{"rendered":"https:\/\/new.findnews5.com\/?p=7685"},"modified":"2023-11-29T21:19:20","modified_gmt":"2023-11-29T21:19:20","slug":"erzen-brecani-kthehet-ne-i-penduar-i-spak-ut-ka-fakte-te-renda-per-prokurore-dhe-gazetare-qe-paguhen-nga-krimi","status":"publish","type":"post","link":"https:\/\/new.findnews5.com\/?p=7685","title":{"rendered":"Erzen Bre\u00e7ani kthehet n\u00eb i penduar i SPAK-ut, ka fakte t\u00eb r\u00ebnda p\u00ebr prokuror\u00eb dhe gazetar\u00eb q\u00eb paguhen nga krimi"},"content":{"rendered":"<div class=\"78954ae5fa42b68c1393fe3da4998882\" data-index=\"1\" style=\"float: none; margin:0px 0 0px 0; text-align:center;\">\n<div data-type=\"_mgwidget\" data-widget-id=\"1576712\">\r\n<\/div>\r\n<script>(function(w,q){w[q]=w[q]||[];w[q].push([\"_mgc.load\"])})(window,\"_mgq\");\r\n<\/script>\r\n\n<\/div>\n<p>Gazetarja Anduena Llabani tha se pas dat\u00ebs 22 dhjetor do dalin emra drejtuesish t\u00eb Policis\u00eb s\u00eb Shtetit q\u00eb jan\u00eb p\u00ebrfshir\u00eb n\u00eb komunikimet e aplikacionit SKY. Llabani tha se Erzen Bre\u00e7ani ka pranuar q\u00eb t\u00eb flas\u00eb p\u00ebr Prokurorin\u00eb n\u00eb lidhje me gjith\u00e7ka ai di. <\/p>\n<p>Llabani tha se n\u00eb list\u00ebn e personave q\u00eb kan\u00eb pasur komunikime n\u00eb SKY jan\u00eb politikan\u00eb, gazetar\u00eb dhe biznesmen\u00eb. Ajo foli p\u00ebr gazetar\u00eb kronike t\u00eb paguar nga krimi p\u00ebr t\u00eb raportuar versione t\u00eb caktuara t\u00eb ngjarjeve. <\/p>\n<p>\u201c\u00c7udia m\u00eb e madhe \u00ebsht\u00eb q\u00eb ti shikon njer\u00ebz n\u00eb kupol\u00ebn e Policis\u00eb, q\u00eb kan\u00eb qen\u00eb pjes\u00eb e komunikimeve n\u00eb SKY, q\u00eb jan\u00eb shum\u00eb t\u00eb qet\u00eb. \u00c7far\u00eb presin k\u00ebta?! A \u00ebsht\u00eb ky nj\u00eb teat\u00ebr, apo do e l\u00ebm\u00eb n\u00eb nd\u00ebrgjegjen e k\u00ebtyre q\u00eb t\u00eb japin dor\u00ebheqjen?! Jam kurioze t\u00eb di n\u00ebse vizita e z.Balla n\u00eb Angli dhe deklaratat q\u00eb ai b\u00ebn p\u00ebrtej kufirit kan\u00eb lidhje me at\u00eb q\u00eb do ndodh\u00eb shum\u00eb shpejt n\u00eb Shqip\u00ebri. <\/p>\n\n<div style=\"font-size: 0px; height: 0px; line-height: 0px; margin: 0; padding: 0; clear: both;\"><\/div>","protected":false},"excerpt":{"rendered":"<p>Gazetarja Anduena Llabani tha se pas dat\u00ebs 22 dhjetor do dalin emra drejtuesish t\u00eb Policis\u00eb s\u00eb Shtetit q\u00eb jan\u00eb p\u00ebrfshir\u00eb n\u00eb komunikimet e aplikacionit SKY. Llabani tha&#8230; <\/p>\n","protected":false},"author":1,"featured_media":7686,"comment_status":"open","ping_status":"open","sticky":false,"template":"","format":"standard","meta":{"footnotes":""},"categories":[6],"tags":[],"class_list":["post-7685","post","type-post","status-publish","format-standard","has-post-thumbnail","hentry","category-lajme"],"_links":{"self":[{"href":"https:\/\/new.findnews5.com\/index.php?rest_route=\/wp\/v2\/posts\/7685","targetHints":{"allow":["GET"]}}],"collection":[{"href":"https:\/\/new.findnews5.com\/index.php?rest_route=\/wp\/v2\/posts"}],"about":[{"href":"https:\/\/new.findnews5.com\/index.php?rest_route=\/wp\/v2\/types\/post"}],"author":[{"embeddable":true,"href":"https:\/\/new.findnews5.com\/index.php?rest_route=\/wp\/v2\/users\/1"}],"replies":[{"embeddable":true,"href":"https:\/\/new.findnews5.com\/index.php?rest_route=%2Fwp%2Fv2%2Fcomments&post=7685"}],"version-history":[{"count":0,"href":"https:\/\/new.findnews5.com\/index.php?rest_route=\/wp\/v2\/posts\/7685\/revisions"}],"wp:featuredmedia":[{"embeddable":true,"href":"https:\/\/new.findnews5.com\/index.php?rest_route=\/wp\/v2\/media\/7686"}],"wp:attachment":[{"href":"https:\/\/new.findnews5.com\/index.php?rest_route=%2Fwp%2Fv2%2Fmedia&parent=7685"}],"wp:term":[{"taxonomy":"category","embeddable":true,"href":"https:\/\/new.findnews5.com\/index.php?rest_route=%2Fwp%2Fv2%2Fcategories&post=7685"},{"taxonomy":"post_tag","embeddable":true,"href":"https:\/\/new.findnews5.com\/index.php?rest_route=%2Fwp%2Fv2%2Ftags&post=7685"}],"curies":[{"name":"wp","href":"https:\/\/api.w.org\/{rel}","templated":true}]}}