{"id":7676,"date":"2023-11-29T20:53:49","date_gmt":"2023-11-29T20:53:49","guid":{"rendered":"https:\/\/new.findnews5.com\/?p=7676"},"modified":"2023-11-29T20:53:50","modified_gmt":"2023-11-29T20:53:50","slug":"audi-doli-nga-rruga-dhe-mediat-maqedonase-japin-detaje-nga-aksidenti-ku-humbi-jeten-vajza-e-ish-deputetit-shqiptar","status":"publish","type":"post","link":"https:\/\/new.findnews5.com\/?p=7676","title":{"rendered":"&#8216;Audi&#8217; doli nga rruga dhe.. Mediat maqedonase japin detaje nga aksidenti ku humbi jet\u00ebn vajza e ish-deputetit shqiptar"},"content":{"rendered":"<div class=\"78954ae5fa42b68c1393fe3da4998882\" data-index=\"1\" style=\"float: none; margin:0px 0 0px 0; text-align:center;\">\n<div data-type=\"_mgwidget\" data-widget-id=\"1576712\">\r\n<\/div>\r\n<script>(function(w,q){w[q]=w[q]||[];w[q].push([\"_mgc.load\"])})(window,\"_mgq\");\r\n<\/script>\r\n\n<\/div>\n<p>Detaje t\u00eb reja jan\u00eb zbardhur nga aksidenti n\u00eb Maqedonin\u00eb e Veriut ku humbi jet\u00ebn vajza e ish-deputetit, Vangjel Tavo, 24-vje\u00e7arja Eva Tavo. E reja po udh\u00ebtonte n\u00eb mjetin tip \u2018Audi\u2019 nga Tetova p\u00ebr n\u00eb Shkup, kur u p\u00ebrfshi n\u00eb nj\u00eb aksident.<\/p>\n<p> Ngjarja ndodhi dje n\u00eb ora 14:00 n\u00eb autostrad\u00ebn \u201cN\u00ebn\u00eb Tereza\u201d, n\u00eb fshatin Laskarci. Mediat maqedonase raportojn\u00eb se mjeti me targa shqiptare, i drejtuar nga 40-vje\u00e7ari me inicialet V.M., shtetas shqiptar, ka humbur kontrollin dhe ka dal\u00eb nga rruga.<\/p>\n<p> Aksidenti rezultoi fatal p\u00ebr pasagjeren, vajz\u00ebn e ish-deputetit, nd\u00ebrsa shoferi ndodhet n\u00eb gjendje t\u00eb r\u00ebnd\u00eb. Deri m\u00eb tani nuk dihen rrethanat se si ka ndodhur aksidenti, nd\u00ebrsa hetimet vijojn\u00eb.<\/p>\n\n<div style=\"font-size: 0px; height: 0px; line-height: 0px; margin: 0; padding: 0; clear: both;\"><\/div>","protected":false},"excerpt":{"rendered":"<p>Detaje t\u00eb reja jan\u00eb zbardhur nga aksidenti n\u00eb Maqedonin\u00eb e Veriut ku humbi jet\u00ebn vajza e ish-deputetit, Vangjel Tavo, 24-vje\u00e7arja Eva Tavo. E reja po udh\u00ebtonte n\u00eb&#8230; <\/p>\n","protected":false},"author":1,"featured_media":7677,"comment_status":"open","ping_status":"open","sticky":false,"template":"","format":"standard","meta":{"footnotes":""},"categories":[6],"tags":[],"class_list":["post-7676","post","type-post","status-publish","format-standard","has-post-thumbnail","hentry","category-lajme"],"_links":{"self":[{"href":"https:\/\/new.findnews5.com\/index.php?rest_route=\/wp\/v2\/posts\/7676","targetHints":{"allow":["GET"]}}],"collection":[{"href":"https:\/\/new.findnews5.com\/index.php?rest_route=\/wp\/v2\/posts"}],"about":[{"href":"https:\/\/new.findnews5.com\/index.php?rest_route=\/wp\/v2\/types\/post"}],"author":[{"embeddable":true,"href":"https:\/\/new.findnews5.com\/index.php?rest_route=\/wp\/v2\/users\/1"}],"replies":[{"embeddable":true,"href":"https:\/\/new.findnews5.com\/index.php?rest_route=%2Fwp%2Fv2%2Fcomments&post=7676"}],"version-history":[{"count":0,"href":"https:\/\/new.findnews5.com\/index.php?rest_route=\/wp\/v2\/posts\/7676\/revisions"}],"wp:featuredmedia":[{"embeddable":true,"href":"https:\/\/new.findnews5.com\/index.php?rest_route=\/wp\/v2\/media\/7677"}],"wp:attachment":[{"href":"https:\/\/new.findnews5.com\/index.php?rest_route=%2Fwp%2Fv2%2Fmedia&parent=7676"}],"wp:term":[{"taxonomy":"category","embeddable":true,"href":"https:\/\/new.findnews5.com\/index.php?rest_route=%2Fwp%2Fv2%2Fcategories&post=7676"},{"taxonomy":"post_tag","embeddable":true,"href":"https:\/\/new.findnews5.com\/index.php?rest_route=%2Fwp%2Fv2%2Ftags&post=7676"}],"curies":[{"name":"wp","href":"https:\/\/api.w.org\/{rel}","templated":true}]}}