{"id":7668,"date":"2023-11-29T15:59:04","date_gmt":"2023-11-29T15:59:04","guid":{"rendered":"https:\/\/new.findnews5.com\/?p=7668"},"modified":"2023-11-29T15:59:05","modified_gmt":"2023-11-29T15:59:05","slug":"per-here-te-pare-ne-78-vite-shqiptaret-e-sanxhakut-festojne-zyrtarisht-diten-e-flamurit","status":"publish","type":"post","link":"https:\/\/new.findnews5.com\/?p=7668","title":{"rendered":"P\u00ebr her\u00eb t\u00eb par\u00eb n\u00eb 78 vite, shqiptar\u00ebt e Sanxhakut festojn\u00eb zyrtarisht Dit\u00ebn e Flamurit!"},"content":{"rendered":"<div class=\"78954ae5fa42b68c1393fe3da4998882\" data-index=\"1\" style=\"float: none; margin:0px 0 0px 0; text-align:center;\">\n<div data-type=\"_mgwidget\" data-widget-id=\"1576712\">\r\n<\/div>\r\n<script>(function(w,q){w[q]=w[q]||[];w[q].push([\"_mgc.load\"])})(window,\"_mgq\");\r\n<\/script>\r\n\n<\/div>\n<p>P\u00ebr t\u00eb par\u00ebn her\u00eb pas 78 vitesh, Festa e Flamurit festohet zyrtarisht edhe n\u00eb Novi Pazar t\u00eb Sanxhakut! Kjo fest\u00eb u organizua nga K\u00ebshilli Komb\u00ebtar Shqiptar, zyra p\u00ebr Sanxhak, n\u00ebn udheheqjen e Kryesueses s\u00eb k\u00ebsaj zyre, Amina Nuraj!<\/p>\n<p>111 vjetori i Pavar\u00ebsis\u00eb s\u00eb Shqip\u00ebris\u00eb ka bashkuar shqiptar\u00ebt n\u00eb nj\u00eb fest\u00eb madh\u00ebshore n\u00eb Tiran\u00eb, por organizimet nuk kan\u00eb munguar kudo mes shqiptar\u00ebve n\u00eb Malin e Zi, Maqedoni, Kosov\u00eb, Lugin\u00ebn e Preshev\u00ebs dhe diaspor\u00eb.<\/p>\n<p>Historikisht n\u00eb Sanxhak ka jetuar nj\u00eb num\u00ebr i madh shqiptar\u00ebsh, por politikat ekstremiste t\u00eb shteteve fqinje kan\u00eb ndikuar n\u00eb largimin e tyre, e asimilimin t\u00eb nj\u00eb pjese t\u00eb madhe q\u00eb mbet\u00ebn n\u00eb trojet e t\u00eb par\u00ebve.<\/p>\n<p>P\u00ebr fat t\u00eb mir\u00eb, gjat\u00eb viteve t\u00eb fundit, vihet re nj\u00eb nd\u00ebrgjegj\u00ebsim gjithnj\u00eb e m\u00eb i madh p\u00ebr origjin\u00ebn e tyre.<\/p>\n\n<div style=\"font-size: 0px; height: 0px; line-height: 0px; margin: 0; padding: 0; clear: both;\"><\/div>","protected":false},"excerpt":{"rendered":"<p>P\u00ebr t\u00eb par\u00ebn her\u00eb pas 78 vitesh, Festa e Flamurit festohet zyrtarisht edhe n\u00eb Novi Pazar t\u00eb Sanxhakut! Kjo fest\u00eb u organizua nga K\u00ebshilli Komb\u00ebtar Shqiptar, zyra&#8230; <\/p>\n","protected":false},"author":1,"featured_media":7669,"comment_status":"open","ping_status":"open","sticky":false,"template":"","format":"standard","meta":{"footnotes":""},"categories":[6],"tags":[],"class_list":["post-7668","post","type-post","status-publish","format-standard","has-post-thumbnail","hentry","category-lajme"],"_links":{"self":[{"href":"https:\/\/new.findnews5.com\/index.php?rest_route=\/wp\/v2\/posts\/7668","targetHints":{"allow":["GET"]}}],"collection":[{"href":"https:\/\/new.findnews5.com\/index.php?rest_route=\/wp\/v2\/posts"}],"about":[{"href":"https:\/\/new.findnews5.com\/index.php?rest_route=\/wp\/v2\/types\/post"}],"author":[{"embeddable":true,"href":"https:\/\/new.findnews5.com\/index.php?rest_route=\/wp\/v2\/users\/1"}],"replies":[{"embeddable":true,"href":"https:\/\/new.findnews5.com\/index.php?rest_route=%2Fwp%2Fv2%2Fcomments&post=7668"}],"version-history":[{"count":0,"href":"https:\/\/new.findnews5.com\/index.php?rest_route=\/wp\/v2\/posts\/7668\/revisions"}],"wp:featuredmedia":[{"embeddable":true,"href":"https:\/\/new.findnews5.com\/index.php?rest_route=\/wp\/v2\/media\/7669"}],"wp:attachment":[{"href":"https:\/\/new.findnews5.com\/index.php?rest_route=%2Fwp%2Fv2%2Fmedia&parent=7668"}],"wp:term":[{"taxonomy":"category","embeddable":true,"href":"https:\/\/new.findnews5.com\/index.php?rest_route=%2Fwp%2Fv2%2Fcategories&post=7668"},{"taxonomy":"post_tag","embeddable":true,"href":"https:\/\/new.findnews5.com\/index.php?rest_route=%2Fwp%2Fv2%2Ftags&post=7668"}],"curies":[{"name":"wp","href":"https:\/\/api.w.org\/{rel}","templated":true}]}}