{"id":7653,"date":"2023-11-29T14:15:46","date_gmt":"2023-11-29T14:15:46","guid":{"rendered":"https:\/\/new.findnews5.com\/?p=7653"},"modified":"2023-11-29T14:15:47","modified_gmt":"2023-11-29T14:15:47","slug":"arbana-osmani-publikon-foton-e-vajzes-se-saj-zoit-nuk-do-e-besoni-sa-eshte-rritur-ajo","status":"publish","type":"post","link":"https:\/\/new.findnews5.com\/?p=7653","title":{"rendered":"Arbana Osmani publikon foton e vajz\u00ebs s\u00eb saj, Zoit. Nuk do e besoni sa \u00ebsht\u00eb rritur ajo"},"content":{"rendered":"<div class=\"78954ae5fa42b68c1393fe3da4998882\" data-index=\"1\" style=\"float: none; margin:0px 0 0px 0; text-align:center;\">\n<div data-type=\"_mgwidget\" data-widget-id=\"1576712\">\r\n<\/div>\r\n<script>(function(w,q){w[q]=w[q]||[];w[q].push([\"_mgc.load\"])})(window,\"_mgq\");\r\n<\/script>\r\n\n<\/div>\n<p>Arbana Osmani po p\u00ebrjeton momentalisht nj\u00eb tjet\u00ebr sukses dhe k\u00ebsaj radhe jasht\u00eb ekranit, ku jemi m\u00ebsuar ta shohim zakonisht.<\/p>\n<p>Moderatorja e njohur ka ndar\u00eb me ndjek\u00ebsit e saj t\u00eb rrjeteve sociale, hap pas hapi rrug\u00ebtimin e saj p\u00ebr biznesin e saj m\u00eb ri, i cili mesa duket po i ec\u00ebn ashtu sikurse ajo e kishte parashikuar.<\/p>\n<p>Dit\u00ebn e sotme, Osmani ka publikuar nj\u00eb galeri fotosh, t\u00eb miqve dhe familjar\u00ebve q\u00eb kan\u00eb vizituar biznesin e saj mir\u00ebpo mesa duket \u201cklientja\u201d m\u00eb e ve\u00e7ant\u00eb e saj \u00ebsht\u00eb Zoi, e cila duket si nj\u00eb \u00ebmb\u00eblsir\u00eb e v\u00ebrtet\u00eb.<\/p>\n<p>N\u00eb galerin\u00eb e fotove, Zoi shfaqet me nj\u00eb fustan t\u00eb zi, me jak\u00eb t\u00eb bardh\u00eb, teksa mban n\u00eb dor\u00eb nj\u00eb moll\u00eb jeshile.<\/p>\n<p><img loading=\"lazy\" decoding=\"async\" class=\"alignnone size-medium wp-image-2363\" src=\"http:\/\/findnews5.com\/wp-content\/uploads\/2023\/11\/IMG_3485-300x225.png\" alt=\"\" width=\"300\" height=\"225\" \/><\/p>\n\n<div style=\"font-size: 0px; height: 0px; line-height: 0px; margin: 0; padding: 0; clear: both;\"><\/div>","protected":false},"excerpt":{"rendered":"<p>Arbana Osmani po p\u00ebrjeton momentalisht nj\u00eb tjet\u00ebr sukses dhe k\u00ebsaj radhe jasht\u00eb ekranit, ku jemi m\u00ebsuar ta shohim zakonisht. Moderatorja e njohur ka ndar\u00eb me ndjek\u00ebsit e&#8230; <\/p>\n","protected":false},"author":1,"featured_media":7654,"comment_status":"open","ping_status":"open","sticky":false,"template":"","format":"standard","meta":{"footnotes":""},"categories":[6],"tags":[],"class_list":["post-7653","post","type-post","status-publish","format-standard","has-post-thumbnail","hentry","category-lajme"],"_links":{"self":[{"href":"https:\/\/new.findnews5.com\/index.php?rest_route=\/wp\/v2\/posts\/7653","targetHints":{"allow":["GET"]}}],"collection":[{"href":"https:\/\/new.findnews5.com\/index.php?rest_route=\/wp\/v2\/posts"}],"about":[{"href":"https:\/\/new.findnews5.com\/index.php?rest_route=\/wp\/v2\/types\/post"}],"author":[{"embeddable":true,"href":"https:\/\/new.findnews5.com\/index.php?rest_route=\/wp\/v2\/users\/1"}],"replies":[{"embeddable":true,"href":"https:\/\/new.findnews5.com\/index.php?rest_route=%2Fwp%2Fv2%2Fcomments&post=7653"}],"version-history":[{"count":0,"href":"https:\/\/new.findnews5.com\/index.php?rest_route=\/wp\/v2\/posts\/7653\/revisions"}],"wp:featuredmedia":[{"embeddable":true,"href":"https:\/\/new.findnews5.com\/index.php?rest_route=\/wp\/v2\/media\/7654"}],"wp:attachment":[{"href":"https:\/\/new.findnews5.com\/index.php?rest_route=%2Fwp%2Fv2%2Fmedia&parent=7653"}],"wp:term":[{"taxonomy":"category","embeddable":true,"href":"https:\/\/new.findnews5.com\/index.php?rest_route=%2Fwp%2Fv2%2Fcategories&post=7653"},{"taxonomy":"post_tag","embeddable":true,"href":"https:\/\/new.findnews5.com\/index.php?rest_route=%2Fwp%2Fv2%2Ftags&post=7653"}],"curies":[{"name":"wp","href":"https:\/\/api.w.org\/{rel}","templated":true}]}}