{"id":7636,"date":"2023-11-29T10:02:46","date_gmt":"2023-11-29T10:02:46","guid":{"rendered":"https:\/\/new.findnews5.com\/?p=7636"},"modified":"2023-11-29T10:02:48","modified_gmt":"2023-11-29T10:02:48","slug":"lajm-i-trishte-humb-jeten-ne-kulmin-e-rinise-vajza-e-ish-deputetit-keto-jane-fjalet-me-te-veshtira","status":"publish","type":"post","link":"https:\/\/new.findnews5.com\/?p=7636","title":{"rendered":"LAJM I TRISHT\u00cb &#8211; Humb jet\u00ebn n\u00eb kulmin e rinis\u00eb vajza e ish-deputetit: K\u00ebto jan\u00eb fjal\u00ebt m\u00eb t\u00eb v\u00ebshtira"},"content":{"rendered":"<div class=\"78954ae5fa42b68c1393fe3da4998882\" data-index=\"1\" style=\"float: none; margin:0px 0 0px 0; text-align:center;\">\n<div data-type=\"_mgwidget\" data-widget-id=\"1576712\">\r\n<\/div>\r\n<script>(function(w,q){w[q]=w[q]||[];w[q].push([\"_mgc.load\"])})(window,\"_mgq\");\r\n<\/script>\r\n\n<\/div>\n<p>Ish-deputeti i LSI-s\u00eb n\u00eb Gjirokast\u00ebr, Vangjel Tavo, njofton lajmin e r\u00ebnd\u00eb t\u00eb ndarjes nga jeta t\u00eb vajz\u00ebs s\u00eb tij t\u00eb madhe. M\u00ebsohet se ajo \u00ebsht\u00eb aksidentuar n\u00eb Maqedonin\u00eb e Veriut. Detaje t\u00eb tjera jan\u00eb ende t\u00eb paqarta.<\/p>\n<p>\u201cK\u00ebto jan\u00eb fjal\u00ebt m\u00eb t\u00eb v\u00ebshtira q\u00eb shkruaj n\u00eb jet\u00ebn time. Vajza ime e madhe Eva u nda nga jeta n\u00eb kulmin e rinis\u00eb, n\u00eb mosh\u00ebn m\u00eb t\u00eb bukur, si\u00e7 ishte edhe vet\u00eb ajo. Varrimi b\u00ebhet dit\u00ebn e enjte, dat\u00eb 30 n\u00ebntor, ora 11:00 n\u00eb Jorgucat, Gjirokast\u00ebr\u201d, shkruan Tavo n\u00eb faqen e tij n\u00eb Facebook.<\/p>\n<p><img loading=\"lazy\" decoding=\"async\" class=\"alignnone size-medium wp-image-2341\" src=\"http:\/\/findnews5.com\/wp-content\/uploads\/2023\/11\/dep-300x190.webp\" alt=\"\" width=\"300\" height=\"190\" \/><\/p>\n\n<div style=\"font-size: 0px; height: 0px; line-height: 0px; margin: 0; padding: 0; clear: both;\"><\/div>","protected":false},"excerpt":{"rendered":"<p>Ish-deputeti i LSI-s\u00eb n\u00eb Gjirokast\u00ebr, Vangjel Tavo, njofton lajmin e r\u00ebnd\u00eb t\u00eb ndarjes nga jeta t\u00eb vajz\u00ebs s\u00eb tij t\u00eb madhe. M\u00ebsohet se ajo \u00ebsht\u00eb aksidentuar n\u00eb&#8230; <\/p>\n","protected":false},"author":1,"featured_media":7637,"comment_status":"open","ping_status":"open","sticky":false,"template":"","format":"standard","meta":{"footnotes":""},"categories":[6],"tags":[],"class_list":["post-7636","post","type-post","status-publish","format-standard","has-post-thumbnail","hentry","category-lajme"],"_links":{"self":[{"href":"https:\/\/new.findnews5.com\/index.php?rest_route=\/wp\/v2\/posts\/7636","targetHints":{"allow":["GET"]}}],"collection":[{"href":"https:\/\/new.findnews5.com\/index.php?rest_route=\/wp\/v2\/posts"}],"about":[{"href":"https:\/\/new.findnews5.com\/index.php?rest_route=\/wp\/v2\/types\/post"}],"author":[{"embeddable":true,"href":"https:\/\/new.findnews5.com\/index.php?rest_route=\/wp\/v2\/users\/1"}],"replies":[{"embeddable":true,"href":"https:\/\/new.findnews5.com\/index.php?rest_route=%2Fwp%2Fv2%2Fcomments&post=7636"}],"version-history":[{"count":0,"href":"https:\/\/new.findnews5.com\/index.php?rest_route=\/wp\/v2\/posts\/7636\/revisions"}],"wp:featuredmedia":[{"embeddable":true,"href":"https:\/\/new.findnews5.com\/index.php?rest_route=\/wp\/v2\/media\/7637"}],"wp:attachment":[{"href":"https:\/\/new.findnews5.com\/index.php?rest_route=%2Fwp%2Fv2%2Fmedia&parent=7636"}],"wp:term":[{"taxonomy":"category","embeddable":true,"href":"https:\/\/new.findnews5.com\/index.php?rest_route=%2Fwp%2Fv2%2Fcategories&post=7636"},{"taxonomy":"post_tag","embeddable":true,"href":"https:\/\/new.findnews5.com\/index.php?rest_route=%2Fwp%2Fv2%2Ftags&post=7636"}],"curies":[{"name":"wp","href":"https:\/\/api.w.org\/{rel}","templated":true}]}}