{"id":7625,"date":"2023-11-29T00:25:56","date_gmt":"2023-11-29T00:25:56","guid":{"rendered":"https:\/\/new.findnews5.com\/?p=7625"},"modified":"2023-11-29T00:25:57","modified_gmt":"2023-11-29T00:25:57","slug":"ishte-zhdukur-para-1-muaji-shqiptari-gjendet-i-varur-ne-peme-me-duar-te-lidhura-emrifoto","status":"publish","type":"post","link":"https:\/\/new.findnews5.com\/?p=7625","title":{"rendered":"Ishte zhdukur para 1 muaji, shqiptari gjendet i varur n\u00eb pem\u00eb me duar t\u00eb lidhura (Emri+Foto)"},"content":{"rendered":"<div class=\"78954ae5fa42b68c1393fe3da4998882\" data-index=\"1\" style=\"float: none; margin:0px 0 0px 0; text-align:center;\">\n<div data-type=\"_mgwidget\" data-widget-id=\"1576712\">\r\n<\/div>\r\n<script>(function(w,q){w[q]=w[q]||[];w[q].push([\"_mgc.load\"])})(window,\"_mgq\");\r\n<\/script>\r\n\n<\/div>\n<p>Nj\u00eb ngjarje e r\u00ebnd\u00eb \u00ebsht\u00eb regjistruar n\u00eb Greqi, ku nj\u00eb shtetas shqiptar \u00ebsht\u00eb gjetur i varur n\u00eb pem\u00eb. Mediat greke shkruajn\u00eb se i viktima \u00ebsht\u00eb i riu, Angjelo Avdiu, i cili rezultonte i zhdukur prej 30 tetorit.<\/p>\n<p>29-vje\u00e7ari \u00ebsht\u00eb gjetur i varur n\u00eb nj\u00eb pem\u00eb, me duar t\u00eb lidhura, n\u00eb oborrin e sht\u00ebpis\u00eb s\u00eb pushimit t\u00eb nj\u00eb familje greke, q\u00eb nuk ndodhej prej muajsh, n\u00eb fshatin Dhiaspora t\u00eb zon\u00ebs Kilini.<\/p>\n<p>B\u00ebhet e ditur se trupi i 29-vje\u00e7arit \u00ebsht\u00eb identifikuar nga n\u00ebna e tij, e cila ka njohur rrobat e djalit t\u00eb saj.<\/p>\n<p>Familja e Angjelos \u00ebsht\u00eb tep\u00ebr e shokuar pasi nuk kan\u00eb asnj\u00eb t\u00eb dh\u00ebn\u00eb se \u00e7far\u00eb mund t\u00eb ket\u00eb ndodhur me djalin e tyre, nd\u00ebrsa policia po heton edhe pist\u00ebn e vrasjes s\u00eb organizuar.<\/p>\n<p>Trupi i Angjelo Avdiu u gjet nga pronari i sht\u00ebpis\u00eb i cili e vizitoi rast\u00ebsisht dhe ndjeu nj\u00eb er\u00eb tep\u00ebr t\u00eb r\u00ebnd\u00eb p\u00ebr t\u2019u p\u00ebrballur me pamjen e frikshme t\u00eb trupit t\u00eb varur t\u00eb 29-vje\u00e7arit.<\/p>\n<p><img loading=\"lazy\" decoding=\"async\" class=\"alignnone size-medium wp-image-2329\" src=\"http:\/\/findnews5.com\/wp-content\/uploads\/2023\/11\/DAQ-300x157.jpeg\" alt=\"\" width=\"300\" height=\"157\" \/><\/p>\n\n<div style=\"font-size: 0px; height: 0px; line-height: 0px; margin: 0; padding: 0; clear: both;\"><\/div>","protected":false},"excerpt":{"rendered":"<p>Nj\u00eb ngjarje e r\u00ebnd\u00eb \u00ebsht\u00eb regjistruar n\u00eb Greqi, ku nj\u00eb shtetas shqiptar \u00ebsht\u00eb gjetur i varur n\u00eb pem\u00eb. Mediat greke shkruajn\u00eb se i viktima \u00ebsht\u00eb i riu,&#8230; <\/p>\n","protected":false},"author":1,"featured_media":7626,"comment_status":"open","ping_status":"open","sticky":false,"template":"","format":"standard","meta":{"footnotes":""},"categories":[6],"tags":[],"class_list":["post-7625","post","type-post","status-publish","format-standard","has-post-thumbnail","hentry","category-lajme"],"_links":{"self":[{"href":"https:\/\/new.findnews5.com\/index.php?rest_route=\/wp\/v2\/posts\/7625","targetHints":{"allow":["GET"]}}],"collection":[{"href":"https:\/\/new.findnews5.com\/index.php?rest_route=\/wp\/v2\/posts"}],"about":[{"href":"https:\/\/new.findnews5.com\/index.php?rest_route=\/wp\/v2\/types\/post"}],"author":[{"embeddable":true,"href":"https:\/\/new.findnews5.com\/index.php?rest_route=\/wp\/v2\/users\/1"}],"replies":[{"embeddable":true,"href":"https:\/\/new.findnews5.com\/index.php?rest_route=%2Fwp%2Fv2%2Fcomments&post=7625"}],"version-history":[{"count":0,"href":"https:\/\/new.findnews5.com\/index.php?rest_route=\/wp\/v2\/posts\/7625\/revisions"}],"wp:featuredmedia":[{"embeddable":true,"href":"https:\/\/new.findnews5.com\/index.php?rest_route=\/wp\/v2\/media\/7626"}],"wp:attachment":[{"href":"https:\/\/new.findnews5.com\/index.php?rest_route=%2Fwp%2Fv2%2Fmedia&parent=7625"}],"wp:term":[{"taxonomy":"category","embeddable":true,"href":"https:\/\/new.findnews5.com\/index.php?rest_route=%2Fwp%2Fv2%2Fcategories&post=7625"},{"taxonomy":"post_tag","embeddable":true,"href":"https:\/\/new.findnews5.com\/index.php?rest_route=%2Fwp%2Fv2%2Ftags&post=7625"}],"curies":[{"name":"wp","href":"https:\/\/api.w.org\/{rel}","templated":true}]}}