{"id":7613,"date":"2023-11-28T23:46:07","date_gmt":"2023-11-28T23:46:07","guid":{"rendered":"https:\/\/new.findnews5.com\/?p=7613"},"modified":"2023-11-28T23:46:08","modified_gmt":"2023-11-28T23:46:08","slug":"kur-do-te-bjere-debore-ne-tirane-cfare-thote-meteorologia","status":"publish","type":"post","link":"https:\/\/new.findnews5.com\/?p=7613","title":{"rendered":"Kur do t\u00eb bjer\u00eb d\u00ebbor\u00eb n\u00eb Tiran\u00eb? \u00c7far\u00eb thot\u00eb meteorologia\u2026"},"content":{"rendered":"<div class=\"78954ae5fa42b68c1393fe3da4998882\" data-index=\"1\" style=\"float: none; margin:0px 0 0px 0; text-align:center;\">\n<div data-type=\"_mgwidget\" data-widget-id=\"1576712\">\r\n<\/div>\r\n<script>(function(w,q){w[q]=w[q]||[];w[q].push([\"_mgc.load\"])})(window,\"_mgq\");\r\n<\/script>\r\n\n<\/div>\n<p>Meteorogia Anira Gjoni ka treguar se sipas parashikimit t\u00eb kushteve atmosferike, gjat\u00eb k\u00ebsaj jave duke nisur nga e marta e 28 N\u00ebntorit n\u00eb Shqip\u00ebri do t\u00eb kthehen reshjet intensive, t\u00eb cilat do t\u00eb sjellin problematika n\u00eb vendin ton\u00eb.<\/p>\n<p>E pyetur se n\u00ebse reshjet e bor\u00ebs do t\u00eb mb\u00ebrrijn\u00eb n\u00eb kryeqytet, Gjoni u shpreh se aktualisht nuk mund t\u00eb parashikohet di\u00e7ka e till\u00eb, por moti ndryshon shpesh dhe mund t\u00eb ket\u00eb edhe surpriza.<\/p>\n<p>Pyetje: Kur do t\u00eb bjer\u00eb bor\u00eb n\u00eb kryeqytet?<\/p>\n<p>\u201cP\u00ebrgjat\u00eb k\u00ebsaj jave nuk presim q\u00eb t\u00eb ket\u00eb bor\u00eb n\u00eb kryeqytet, as jav\u00ebn q\u00eb vjen, nd\u00ebrsa m\u00eb von\u00eb do duhet t\u00eb p\u00ebrdit\u00ebsohemi sipas informacioneve, pasi modelet ndryshojn\u00eb dhe nuk \u00ebsht\u00eb di\u00e7ka ekzakte q\u00eb e p\u00ebrcaktojm\u00eb tani. Edhe ne do p\u00ebrballemi me problematika, p\u00ebr shkak t\u00eb reshjeve intensive, t\u00eb nj\u00ebjt\u00ebn do jen\u00eb reshjet m\u00eb t\u00eb dob\u00ebt. T\u00eb premten nuk presim reshje, nd\u00ebrsa n\u00eb fundjav\u00eb do t\u00eb kemi s\u00ebrish. Sa i takon temperaturave, ato do t\u00eb jen\u00eb n\u00eb rritje graduale, si dit\u00ebn e nes\u00ebrme do vijojn\u00eb dhe n\u00eb vazhdim\u201d, tha meteorogia.<\/p>\n\n<div style=\"font-size: 0px; height: 0px; line-height: 0px; margin: 0; padding: 0; clear: both;\"><\/div>","protected":false},"excerpt":{"rendered":"<p>Meteorogia Anira Gjoni ka treguar se sipas parashikimit t\u00eb kushteve atmosferike, gjat\u00eb k\u00ebsaj jave duke nisur nga e marta e 28 N\u00ebntorit n\u00eb Shqip\u00ebri do t\u00eb kthehen&#8230; <\/p>\n","protected":false},"author":1,"featured_media":7614,"comment_status":"open","ping_status":"open","sticky":false,"template":"","format":"standard","meta":{"footnotes":""},"categories":[6],"tags":[],"class_list":["post-7613","post","type-post","status-publish","format-standard","has-post-thumbnail","hentry","category-lajme"],"_links":{"self":[{"href":"https:\/\/new.findnews5.com\/index.php?rest_route=\/wp\/v2\/posts\/7613","targetHints":{"allow":["GET"]}}],"collection":[{"href":"https:\/\/new.findnews5.com\/index.php?rest_route=\/wp\/v2\/posts"}],"about":[{"href":"https:\/\/new.findnews5.com\/index.php?rest_route=\/wp\/v2\/types\/post"}],"author":[{"embeddable":true,"href":"https:\/\/new.findnews5.com\/index.php?rest_route=\/wp\/v2\/users\/1"}],"replies":[{"embeddable":true,"href":"https:\/\/new.findnews5.com\/index.php?rest_route=%2Fwp%2Fv2%2Fcomments&post=7613"}],"version-history":[{"count":0,"href":"https:\/\/new.findnews5.com\/index.php?rest_route=\/wp\/v2\/posts\/7613\/revisions"}],"wp:featuredmedia":[{"embeddable":true,"href":"https:\/\/new.findnews5.com\/index.php?rest_route=\/wp\/v2\/media\/7614"}],"wp:attachment":[{"href":"https:\/\/new.findnews5.com\/index.php?rest_route=%2Fwp%2Fv2%2Fmedia&parent=7613"}],"wp:term":[{"taxonomy":"category","embeddable":true,"href":"https:\/\/new.findnews5.com\/index.php?rest_route=%2Fwp%2Fv2%2Fcategories&post=7613"},{"taxonomy":"post_tag","embeddable":true,"href":"https:\/\/new.findnews5.com\/index.php?rest_route=%2Fwp%2Fv2%2Ftags&post=7613"}],"curies":[{"name":"wp","href":"https:\/\/api.w.org\/{rel}","templated":true}]}}