{"id":7587,"date":"2023-11-28T19:32:39","date_gmt":"2023-11-28T19:32:39","guid":{"rendered":"https:\/\/new.findnews5.com\/?p=7587"},"modified":"2023-11-28T19:32:40","modified_gmt":"2023-11-28T19:32:40","slug":"meta-ben-letrat-ne-gjermani-si-i-semure-xhacka-ngel-shtatzene-balluku-ne-rrezik-serioz-ja-dosja-qe-bajram-begaj-i-coi-altin-dumanit-per-te-tan-dulaku-po-merr-ne-qafe-dy-ministre","status":"publish","type":"post","link":"https:\/\/new.findnews5.com\/?p=7587","title":{"rendered":"Meta b\u00ebn letrat n\u00eb Gjermani si i s\u00ebmur\u00eb, Xha\u00e7ka ngel shtatz\u00ebn\u00eb, Balluku n\u00eb rrezik serioz, ja dosja q\u00eb Bajram Begaj i \u00e7oi Altin Dumanit p\u00ebr t\u00eb, Tan Dulaku po merr n\u00eb qaf\u00eb dy ministre"},"content":{"rendered":"<div class=\"78954ae5fa42b68c1393fe3da4998882\" data-index=\"1\" style=\"float: none; margin:0px 0 0px 0; text-align:center;\">\n<div data-type=\"_mgwidget\" data-widget-id=\"1576712\">\r\n<\/div>\r\n<script>(function(w,q){w[q]=w[q]||[];w[q].push([\"_mgc.load\"])})(window,\"_mgq\");\r\n<\/script>\r\n\n<\/div>\n<p>N\u00ebse Arben Ahmetaj zgjodhi t\u00eb arratisej p\u00ebr t\u2019i shp\u00ebtuar burgut p\u00ebr korrupsion dhe pastrim parash, zyrtar\u00eb dhe ish zyrtar\u00eb t\u00eb lart\u00eb shtet\u00ebror\u00eb, me dosje aferash n\u00eb SPAK, po p\u00ebrdorin marifete t\u00eb tjera p\u00ebr t\u2019i shp\u00ebtuar prangave.<\/p>\n<p>Ilir Meta ka disa muaj q\u00eb l\u00ebviz n\u00eb prapasken\u00eb, duke marr\u00eb masa p\u00ebr t\u2019i paraprir\u00eb nj\u00eb urdh\u00ebri t\u00eb mundsh\u00ebm t\u00eb SPAK-ut p\u00ebr ta arrestuar p\u00ebr afer\u00ebn CEZ-DIA, dosjen e lobimit apo t\u00eb sh\u00ebrbimeve estetike. Prapaskena m\u00ebson se Ilir Meta, gjat\u00eb \u2018arratisjes\u2019 trejavore, ka kopsitur nj\u00eb dosje n\u00eb Gjermani sikur \u00ebsht\u00eb s\u00ebmur\u00eb r\u00ebnd\u00eb dhe jo i p\u00ebrshtash\u00ebm nga ana sh\u00ebndet\u00ebsore p\u00ebr t\u00eb q\u00ebndruar n\u00eb qeli.<\/p>\n<p>K\u00ebto dosje Ilir Meta e mban gati p\u00ebr ta paraqitur n\u00eb gjykat\u00eb n\u00ebse SPAK do t\u00eb k\u00ebrkoj\u00eb arrestimin e tij. Ilir Meta synon t\u2019i shp\u00ebtoj\u00eb nj\u00eb mase arresti si Sali Berisha, p\u00ebr t\u00eb vijuar betejn me SPAK ashtu si aleati i tij.<\/p>\n\n<div style=\"font-size: 0px; height: 0px; line-height: 0px; margin: 0; padding: 0; clear: both;\"><\/div>","protected":false},"excerpt":{"rendered":"<p>N\u00ebse Arben Ahmetaj zgjodhi t\u00eb arratisej p\u00ebr t\u2019i shp\u00ebtuar burgut p\u00ebr korrupsion dhe pastrim parash, zyrtar\u00eb dhe ish zyrtar\u00eb t\u00eb lart\u00eb shtet\u00ebror\u00eb, me dosje aferash n\u00eb SPAK,&#8230; <\/p>\n","protected":false},"author":1,"featured_media":7588,"comment_status":"open","ping_status":"open","sticky":false,"template":"","format":"standard","meta":{"footnotes":""},"categories":[6],"tags":[],"class_list":["post-7587","post","type-post","status-publish","format-standard","has-post-thumbnail","hentry","category-lajme"],"_links":{"self":[{"href":"https:\/\/new.findnews5.com\/index.php?rest_route=\/wp\/v2\/posts\/7587","targetHints":{"allow":["GET"]}}],"collection":[{"href":"https:\/\/new.findnews5.com\/index.php?rest_route=\/wp\/v2\/posts"}],"about":[{"href":"https:\/\/new.findnews5.com\/index.php?rest_route=\/wp\/v2\/types\/post"}],"author":[{"embeddable":true,"href":"https:\/\/new.findnews5.com\/index.php?rest_route=\/wp\/v2\/users\/1"}],"replies":[{"embeddable":true,"href":"https:\/\/new.findnews5.com\/index.php?rest_route=%2Fwp%2Fv2%2Fcomments&post=7587"}],"version-history":[{"count":0,"href":"https:\/\/new.findnews5.com\/index.php?rest_route=\/wp\/v2\/posts\/7587\/revisions"}],"wp:featuredmedia":[{"embeddable":true,"href":"https:\/\/new.findnews5.com\/index.php?rest_route=\/wp\/v2\/media\/7588"}],"wp:attachment":[{"href":"https:\/\/new.findnews5.com\/index.php?rest_route=%2Fwp%2Fv2%2Fmedia&parent=7587"}],"wp:term":[{"taxonomy":"category","embeddable":true,"href":"https:\/\/new.findnews5.com\/index.php?rest_route=%2Fwp%2Fv2%2Fcategories&post=7587"},{"taxonomy":"post_tag","embeddable":true,"href":"https:\/\/new.findnews5.com\/index.php?rest_route=%2Fwp%2Fv2%2Ftags&post=7587"}],"curies":[{"name":"wp","href":"https:\/\/api.w.org\/{rel}","templated":true}]}}