{"id":7570,"date":"2023-11-28T15:22:39","date_gmt":"2023-11-28T15:22:39","guid":{"rendered":"https:\/\/new.findnews5.com\/?p=7570"},"modified":"2023-11-28T15:22:40","modified_gmt":"2023-11-28T15:22:40","slug":"me-edi-ramen-isha-e-dashuruar-por-ai-nuk","status":"publish","type":"post","link":"https:\/\/new.findnews5.com\/?p=7570","title":{"rendered":"Me Edi Ram\u00ebn isha e dashuruar, por ai nuk\u2026"},"content":{"rendered":"<div class=\"78954ae5fa42b68c1393fe3da4998882\" data-index=\"1\" style=\"float: none; margin:0px 0 0px 0; text-align:center;\">\n<div data-type=\"_mgwidget\" data-widget-id=\"1576712\">\r\n<\/div>\r\n<script>(function(w,q){w[q]=w[q]||[];w[q].push([\"_mgc.load\"])})(window,\"_mgq\");\r\n<\/script>\r\n\n<\/div>\n<p>Shkrimtarja Ornela Vorpsi ka ardhur n\u00eb Shqip\u00ebri. E ftuar n\u00eb takimet Let\u00ebrsia dhe Qyteti, p\u00ebrball\u00eb dy gazetareve Alda Bardhyli dhe Beti Njuma, Vorpsi ka treguar rrug\u00ebtimin e saj nga Akademia e Arteve Brera n\u00eb Itali, drejt Parisit ku sot jeton me bashk\u00ebshortin dhe vajz\u00ebn.<\/p>\n<p>\u201cShqip\u00ebria q\u00eb kam jetuar me n\u00ebn\u00ebn time, ishte nj\u00eb vend i v\u00ebshtir\u00eb. Ishte e r\u00ebnd\u00ebsishme t\u00eb tregoja at\u00eb periudh\u00eb. Nj\u00eb Shqip\u00ebri, lakuriqe. Me librin e par\u00eb, kam plagosur edhe familjen time, \u201cVendi q\u00eb nuk vdes kurr\u00eb\u201d. Nuk kisha nd\u00ebrmend t\u00eb shkruaja por m\u00eb erdhi kaq organike n\u00eb italisht\u201d u shpreh Vorpsi. E njohur p\u00ebr lidhjen me kryeministrin Edi Rama ajo \u00ebsht\u00eb shprehur se e ka adhuruar at\u00eb her\u00ebt q\u00eb kur ai ishte thjesht nj\u00eb profesor n\u00eb Akademin\u00eb e Arteve.<\/p>\n<p>\u201cUn\u00eb Edin e kam takuar n\u00eb mosh\u00ebn 18 vje\u00e7 n\u00eb Institutin e Arteve. Vija nga nj\u00eb familje q\u00eb babain ma fut\u00ebn n\u00eb burg, dhe pa vdekur Enver Hoxha, nuk m\u00eb lejohej t\u00eb ndiqja Akademin\u00eb e Arteve. Pas vdekjes s\u00eb tij, nisa studimet aty ku doja. Dhe u gjenda n\u00eb Akademi, kur Edi ishte pedagog. Ishte vet\u00ebm 22 vje\u00e7, dhe ishte aq i aft\u00eb, sa e kishin mbajtur n\u00eb Kated\u00ebr.Edi, ishte duksh\u00ebm n\u00eb distanc\u00eb t\u00eb jasht\u00ebzakonshme me \u00e7\u2019t\u00eb ofronte Shqip\u00ebria at\u00ebkoh\u00eb. Ndoshta i kishte edhe mund\u00ebsit\u00eb. Por sido q\u00eb t\u00eb jet\u00eb. Ai kishte karizm\u00ebn, sharmin dhe kishte lexuar jasht\u00eb mase. P\u00ebr mua, humnera mes Edit dhe profesor\u00ebve t\u00eb tjer\u00eb ishte e madhe\u201d, u shpreh Vorpsi, duke shtuar se \u201cme Edin, isha e dashuruar n\u00eb m\u00ebnyr\u00eb platonike\u201d.Shty\u2019p hapsiren rek.lamuese me poshte per te ndjekur videon \u2193\u2193 artikulli vazhdon..<\/p>\n<p>\u201dAi nuk m\u00eb ka dashur. Si njeri, p\u00ebr mua, ka qen\u00eb nj\u00eb gjeni\u201d, u shpreh Vorpsi duke treguar koh\u00ebt kur Rama jetonte n\u00eb Paris ku kishte magjepsur t\u00eb gjith\u00eb me elokuenc\u00ebn e kultur\u00ebn e tij.Shty\u2019p hapsiren rek.lamuese me poshte per te ndjekur videon \u2193\u2193 artikulli vazhdon..<\/p>\n<p>Sot shkrimtarja prezanton ekspozit\u00ebn e saj t\u00eb par\u00eb personale Providenc\u00eb n\u00eb COD n\u00eb kryeministri n\u00ebn kurimin e Genti Gjikol\u00ebs.<br \/>\nOrnela, mike e vjet\u00ebr e Edi Ram\u00ebs pret q\u00eb t\u00eb jet\u00eb ai p\u00ebrkthyesi i saj. Edi ia ka premtuar<\/p>\n\n<div style=\"font-size: 0px; height: 0px; line-height: 0px; margin: 0; padding: 0; clear: both;\"><\/div>","protected":false},"excerpt":{"rendered":"<p>Shkrimtarja Ornela Vorpsi ka ardhur n\u00eb Shqip\u00ebri. E ftuar n\u00eb takimet Let\u00ebrsia dhe Qyteti, p\u00ebrball\u00eb dy gazetareve Alda Bardhyli dhe Beti Njuma, Vorpsi ka treguar rrug\u00ebtimin e&#8230; <\/p>\n","protected":false},"author":1,"featured_media":7571,"comment_status":"open","ping_status":"open","sticky":false,"template":"","format":"standard","meta":{"footnotes":""},"categories":[6],"tags":[],"class_list":["post-7570","post","type-post","status-publish","format-standard","has-post-thumbnail","hentry","category-lajme"],"_links":{"self":[{"href":"https:\/\/new.findnews5.com\/index.php?rest_route=\/wp\/v2\/posts\/7570","targetHints":{"allow":["GET"]}}],"collection":[{"href":"https:\/\/new.findnews5.com\/index.php?rest_route=\/wp\/v2\/posts"}],"about":[{"href":"https:\/\/new.findnews5.com\/index.php?rest_route=\/wp\/v2\/types\/post"}],"author":[{"embeddable":true,"href":"https:\/\/new.findnews5.com\/index.php?rest_route=\/wp\/v2\/users\/1"}],"replies":[{"embeddable":true,"href":"https:\/\/new.findnews5.com\/index.php?rest_route=%2Fwp%2Fv2%2Fcomments&post=7570"}],"version-history":[{"count":0,"href":"https:\/\/new.findnews5.com\/index.php?rest_route=\/wp\/v2\/posts\/7570\/revisions"}],"wp:featuredmedia":[{"embeddable":true,"href":"https:\/\/new.findnews5.com\/index.php?rest_route=\/wp\/v2\/media\/7571"}],"wp:attachment":[{"href":"https:\/\/new.findnews5.com\/index.php?rest_route=%2Fwp%2Fv2%2Fmedia&parent=7570"}],"wp:term":[{"taxonomy":"category","embeddable":true,"href":"https:\/\/new.findnews5.com\/index.php?rest_route=%2Fwp%2Fv2%2Fcategories&post=7570"},{"taxonomy":"post_tag","embeddable":true,"href":"https:\/\/new.findnews5.com\/index.php?rest_route=%2Fwp%2Fv2%2Ftags&post=7570"}],"curies":[{"name":"wp","href":"https:\/\/api.w.org\/{rel}","templated":true}]}}