{"id":7567,"date":"2023-11-28T15:09:03","date_gmt":"2023-11-28T15:09:03","guid":{"rendered":"https:\/\/new.findnews5.com\/?p=7567"},"modified":"2023-11-28T15:09:04","modified_gmt":"2023-11-28T15:09:04","slug":"kjo-eshte-foshnja-shqiptare-me-emrin-me-te-cuditshem-ne-bote-ka-habitur-edhe-gjermanet","status":"publish","type":"post","link":"https:\/\/new.findnews5.com\/?p=7567","title":{"rendered":"Kjo \u00ebsht\u00eb foshnja shqiptare me emrin m\u00eb t\u00eb \u00e7uditsh\u00ebm n\u00eb bot\u00eb, ka habitur edhe gjerman\u00ebt"},"content":{"rendered":"<div class=\"78954ae5fa42b68c1393fe3da4998882\" data-index=\"1\" style=\"float: none; margin:0px 0 0px 0; text-align:center;\">\n<div data-type=\"_mgwidget\" data-widget-id=\"1576712\">\r\n<\/div>\r\n<script>(function(w,q){w[q]=w[q]||[];w[q].push([\"_mgc.load\"])})(window,\"_mgq\");\r\n<\/script>\r\n\n<\/div>\n<p>Foshnja me prind\u00ebr nga Kosova ka marr\u00eb emrin e qytetit n\u00eb t\u00eb cilin \u00ebsht\u00eb lindur, Krefeld.<br \/>\nDuke ia shtuar nj\u00eb -a, \u201cKrefelda\u201d e kan\u00eb pag\u00ebzuar prind\u00ebrit refugjat\u00eb vajz\u00ebn e tyre, pasi q\u00eb emri i qytetit \u00ebsht\u00eb n\u00eb gjinin\u00eb mashkullore.<\/p>\n<p>Se si do t\u00eb ndjehet me k\u00ebt\u00eb em\u00ebr Krefelda e vog\u00ebl kur t\u00eb rritet, pak ka r\u00ebnd\u00ebsi.<\/p>\n<p>\u201cNuk \u00ebsht\u00eb shaka: Kjo foshnj\u00eb quhet Krefelda, ashtu sikurse qyteti Krefeld, ku ajo ka ardhur n\u00eb jet\u00eb, m\u00eb 16 mars\u201d, shkruan derwesten.de. Prind\u00ebrit e saj desh\u00ebn q\u00eb me \u00e7do kusht ta pag\u00ebzojn\u00eb sipas emrit t\u00eb qytetit, n\u00eb t\u00eb cilin jan\u00eb pritur kaq p\u00ebrzem\u00ebrsisht kur kishin ardhur nga Kosova.<\/p>\n<p>Krefelda \u00ebsht\u00eb lindur n\u00eb klinik\u00ebn Helios Krefeld. N\u00eb momentin e lindjes ka peshuar 4630 gram\u00eb dhe ka qen\u00eb e gjat\u00eb 53 centimetra N\u00ebna e saj ka q\u00ebndruar e vetme gjat\u00eb lindjes n\u00eb sall\u00eb dhe e ka p\u00ebrballuar lindjen shum\u00eb mir\u00eb.<\/p>\n<p>At\u00eb nuk kishte mund\u00ebsi ta shoq\u00ebronte bashk\u00ebshorti, Flamuri, pasi q\u00eb i duhej t\u00eb kujdesej p\u00ebr dy f\u00ebmij\u00ebt tjer\u00eb, Elamin 5 dhe Enisin 2 vje\u00e7ar\u00eb. Nd\u00ebrkoh\u00eb Krefelda me t\u00eb \u00ebm\u00ebn jan\u00eb kthyer n\u00eb sht\u00ebpi.<\/p>\n\n<div style=\"font-size: 0px; height: 0px; line-height: 0px; margin: 0; padding: 0; clear: both;\"><\/div>","protected":false},"excerpt":{"rendered":"<p>Foshnja me prind\u00ebr nga Kosova ka marr\u00eb emrin e qytetit n\u00eb t\u00eb cilin \u00ebsht\u00eb lindur, Krefeld. Duke ia shtuar nj\u00eb -a, \u201cKrefelda\u201d e kan\u00eb pag\u00ebzuar prind\u00ebrit refugjat\u00eb&#8230; <\/p>\n","protected":false},"author":1,"featured_media":7568,"comment_status":"open","ping_status":"open","sticky":false,"template":"","format":"standard","meta":{"footnotes":""},"categories":[6],"tags":[],"class_list":["post-7567","post","type-post","status-publish","format-standard","has-post-thumbnail","hentry","category-lajme"],"_links":{"self":[{"href":"https:\/\/new.findnews5.com\/index.php?rest_route=\/wp\/v2\/posts\/7567","targetHints":{"allow":["GET"]}}],"collection":[{"href":"https:\/\/new.findnews5.com\/index.php?rest_route=\/wp\/v2\/posts"}],"about":[{"href":"https:\/\/new.findnews5.com\/index.php?rest_route=\/wp\/v2\/types\/post"}],"author":[{"embeddable":true,"href":"https:\/\/new.findnews5.com\/index.php?rest_route=\/wp\/v2\/users\/1"}],"replies":[{"embeddable":true,"href":"https:\/\/new.findnews5.com\/index.php?rest_route=%2Fwp%2Fv2%2Fcomments&post=7567"}],"version-history":[{"count":0,"href":"https:\/\/new.findnews5.com\/index.php?rest_route=\/wp\/v2\/posts\/7567\/revisions"}],"wp:featuredmedia":[{"embeddable":true,"href":"https:\/\/new.findnews5.com\/index.php?rest_route=\/wp\/v2\/media\/7568"}],"wp:attachment":[{"href":"https:\/\/new.findnews5.com\/index.php?rest_route=%2Fwp%2Fv2%2Fmedia&parent=7567"}],"wp:term":[{"taxonomy":"category","embeddable":true,"href":"https:\/\/new.findnews5.com\/index.php?rest_route=%2Fwp%2Fv2%2Fcategories&post=7567"},{"taxonomy":"post_tag","embeddable":true,"href":"https:\/\/new.findnews5.com\/index.php?rest_route=%2Fwp%2Fv2%2Ftags&post=7567"}],"curies":[{"name":"wp","href":"https:\/\/api.w.org\/{rel}","templated":true}]}}