{"id":7561,"date":"2023-11-28T12:51:20","date_gmt":"2023-11-28T12:51:20","guid":{"rendered":"https:\/\/new.findnews5.com\/?p=7561"},"modified":"2023-11-28T12:51:21","modified_gmt":"2023-11-28T12:51:21","slug":"ylli-manjani-revoltohet-me-mora-fjale-ajo-eshte-nje-kenge-e-tmerrshme-ska-lidhje-me","status":"publish","type":"post","link":"https:\/\/new.findnews5.com\/?p=7561","title":{"rendered":"Ylli Manjani revoltohet me \u201cmora fjal\u00eb\u201d: Ajo \u00ebsht\u00eb nj\u00eb k\u00ebng\u00eb e tmerrshme, s\u2019ka lidhje me\u2026"},"content":{"rendered":"<div class=\"78954ae5fa42b68c1393fe3da4998882\" data-index=\"1\" style=\"float: none; margin:0px 0 0px 0; text-align:center;\">\n<div data-type=\"_mgwidget\" data-widget-id=\"1576712\">\r\n<\/div>\r\n<script>(function(w,q){w[q]=w[q]||[];w[q].push([\"_mgc.load\"])})(window,\"_mgq\");\r\n<\/script>\r\n\n<\/div>\n<p>\u201cMora fjal\u00eb\u201d, e kompozuar nga Naim Gjoshi dhe k\u00ebnduar nga Shkurte Fejza, \u00ebsht\u00eb kthyer n\u00eb nj\u00eb \u201chimn\u201d gjat\u00eb ndeshjeve t\u00eb komb\u00ebtares. T\u00eb pranishmit n\u00eb stadium e kan\u00eb b\u00ebr\u00eb tradit\u00eb k\u00ebndimin e k\u00ebng\u00ebs kushtuar heroit Adem Jashari.<\/p>\n<p>Ish-ministri i LSI-s\u00eb, Ylli Manjani revoltohet me tifoz\u00ebt e Komb\u00ebtares, pasi sipas tij, kjo k\u00ebng\u00eb nuk ka lidhje me futbollin.<\/p>\n<p>\u201cMund t\u00eb m\u00eb shpjegoj\u00eb dikush se \u00e7far\u00eb pune ka k\u00ebnga e Adem Jasharit te Komb\u00ebtarja e Futbollit? Pa lidhje. Ajo \u00ebsht\u00eb p\u00ebrdhosje e figur\u00ebs s\u00eb Adem Jasharit. Adem Jashari nuk ka qen\u00eb futbollist. Po t\u00eb kishte qen\u00eb Panajot Pano. Dakord. Hajde, do e pranonim. Po ajo \u00ebsht\u00eb nj\u00eb k\u00ebng\u00eb e tmerrshme, \u00e7ohu Adem. Pa lidhje. S\u2019ka lidhje. Zero. Por ama po ta thuash k\u00ebt\u00eb publikisht, do thot\u00eb q\u00eb ti ke p\u00ebrdhosur simbolet, t\u00eb shkuar\u00ebn, historin\u00eb\u201d u shpreh Manjani.<\/p>\n\n<div style=\"font-size: 0px; height: 0px; line-height: 0px; margin: 0; padding: 0; clear: both;\"><\/div>","protected":false},"excerpt":{"rendered":"<p>\u201cMora fjal\u00eb\u201d, e kompozuar nga Naim Gjoshi dhe k\u00ebnduar nga Shkurte Fejza, \u00ebsht\u00eb kthyer n\u00eb nj\u00eb \u201chimn\u201d gjat\u00eb ndeshjeve t\u00eb komb\u00ebtares. T\u00eb pranishmit n\u00eb stadium e kan\u00eb&#8230; <\/p>\n","protected":false},"author":1,"featured_media":7562,"comment_status":"open","ping_status":"open","sticky":false,"template":"","format":"standard","meta":{"footnotes":""},"categories":[6],"tags":[],"class_list":["post-7561","post","type-post","status-publish","format-standard","has-post-thumbnail","hentry","category-lajme"],"_links":{"self":[{"href":"https:\/\/new.findnews5.com\/index.php?rest_route=\/wp\/v2\/posts\/7561","targetHints":{"allow":["GET"]}}],"collection":[{"href":"https:\/\/new.findnews5.com\/index.php?rest_route=\/wp\/v2\/posts"}],"about":[{"href":"https:\/\/new.findnews5.com\/index.php?rest_route=\/wp\/v2\/types\/post"}],"author":[{"embeddable":true,"href":"https:\/\/new.findnews5.com\/index.php?rest_route=\/wp\/v2\/users\/1"}],"replies":[{"embeddable":true,"href":"https:\/\/new.findnews5.com\/index.php?rest_route=%2Fwp%2Fv2%2Fcomments&post=7561"}],"version-history":[{"count":0,"href":"https:\/\/new.findnews5.com\/index.php?rest_route=\/wp\/v2\/posts\/7561\/revisions"}],"wp:featuredmedia":[{"embeddable":true,"href":"https:\/\/new.findnews5.com\/index.php?rest_route=\/wp\/v2\/media\/7562"}],"wp:attachment":[{"href":"https:\/\/new.findnews5.com\/index.php?rest_route=%2Fwp%2Fv2%2Fmedia&parent=7561"}],"wp:term":[{"taxonomy":"category","embeddable":true,"href":"https:\/\/new.findnews5.com\/index.php?rest_route=%2Fwp%2Fv2%2Fcategories&post=7561"},{"taxonomy":"post_tag","embeddable":true,"href":"https:\/\/new.findnews5.com\/index.php?rest_route=%2Fwp%2Fv2%2Ftags&post=7561"}],"curies":[{"name":"wp","href":"https:\/\/api.w.org\/{rel}","templated":true}]}}