{"id":7555,"date":"2023-11-28T12:03:38","date_gmt":"2023-11-28T12:03:38","guid":{"rendered":"https:\/\/new.findnews5.com\/?p=7555"},"modified":"2023-11-28T12:03:40","modified_gmt":"2023-11-28T12:03:40","slug":"mevlan-shanaj-kush-kerkon-ndalimin-e-filmave-tane-eshte-injorant-dhe-medioker-nuk-merr-vesh","status":"publish","type":"post","link":"https:\/\/new.findnews5.com\/?p=7555","title":{"rendered":"Mevlan Shanaj: Kush k\u00ebrkon ndalimin e filmave tan\u00eb \u00ebsht\u00eb injorant dhe mediok\u00ebr, nuk merr vesh"},"content":{"rendered":"<div class=\"78954ae5fa42b68c1393fe3da4998882\" data-index=\"1\" style=\"float: none; margin:0px 0 0px 0; text-align:center;\">\n<div data-type=\"_mgwidget\" data-widget-id=\"1576712\">\r\n<\/div>\r\n<script>(function(w,q){w[q]=w[q]||[];w[q].push([\"_mgc.load\"])})(window,\"_mgq\");\r\n<\/script>\r\n\n<\/div>\n<p>N\u00eb emisionin \u201cProfil\u201d ishte i ftuar mjeshtri i madh Mevlan Shanaj p\u00ebr t\u00eb rr\u00ebfyer p\u00ebr jet\u00ebn e tij personale dhe karrier\u00ebn e tij t\u00eb gjat\u00eb si aktor dhe regjisor.<\/p>\n<p>Ai \u00ebsht\u00eb nj\u00eb figur\u00eb e dashur p\u00ebr publikun shqiptar si aktor, regjisor, producent dhe skenarist. N\u00eb fillimet e tij nisi shkoll\u00ebn p\u00ebr ndihm\u00ebs mjek dhe punoi dy vite n\u00eb k\u00ebt\u00eb profesion por m\u00eb von\u00eb e la pergjysm\u00eb p\u00ebr t\u2019ju perkushtuar artit.<\/p>\n<p>N\u00eb \u201cProfil\u201d ai rr\u00ebfeu se kishte idhull Aleksand\u00ebr Moisiun dhe donte t\u00eb b\u00ebhej si ai, dhe kjo e shtyu p\u00ebr t\u00eb ndryshuar rrug\u00ebtimin e jet\u00ebs s\u00eb tij, p\u00ebr tu b\u00ebr\u00eb artist.<\/p>\n<p>N\u00eb vitin 1970 mori rolin e par\u00eb si Ibrahim Kova\u00e7i apo Komisari Memo n\u00eb filmin \u201cI 8-ti n\u00eb Bronx\u201d film q\u00eb i hapi rrug\u00ebn jo vet\u00ebm p\u00ebrfshirj\u00ebs s\u00eb tij n\u00eb kinematografi por edhe njohjes me emra t\u00eb m\u00ebdhenj si Viktor Gjika, Pandi Raidhi, Piro Mani, Kadri Roshi etj.<\/p>\n\n<div style=\"font-size: 0px; height: 0px; line-height: 0px; margin: 0; padding: 0; clear: both;\"><\/div>","protected":false},"excerpt":{"rendered":"<p>N\u00eb emisionin \u201cProfil\u201d ishte i ftuar mjeshtri i madh Mevlan Shanaj p\u00ebr t\u00eb rr\u00ebfyer p\u00ebr jet\u00ebn e tij personale dhe karrier\u00ebn e tij t\u00eb gjat\u00eb si aktor&#8230; <\/p>\n","protected":false},"author":1,"featured_media":7556,"comment_status":"open","ping_status":"open","sticky":false,"template":"","format":"standard","meta":{"footnotes":""},"categories":[6],"tags":[],"class_list":["post-7555","post","type-post","status-publish","format-standard","has-post-thumbnail","hentry","category-lajme"],"_links":{"self":[{"href":"https:\/\/new.findnews5.com\/index.php?rest_route=\/wp\/v2\/posts\/7555","targetHints":{"allow":["GET"]}}],"collection":[{"href":"https:\/\/new.findnews5.com\/index.php?rest_route=\/wp\/v2\/posts"}],"about":[{"href":"https:\/\/new.findnews5.com\/index.php?rest_route=\/wp\/v2\/types\/post"}],"author":[{"embeddable":true,"href":"https:\/\/new.findnews5.com\/index.php?rest_route=\/wp\/v2\/users\/1"}],"replies":[{"embeddable":true,"href":"https:\/\/new.findnews5.com\/index.php?rest_route=%2Fwp%2Fv2%2Fcomments&post=7555"}],"version-history":[{"count":0,"href":"https:\/\/new.findnews5.com\/index.php?rest_route=\/wp\/v2\/posts\/7555\/revisions"}],"wp:featuredmedia":[{"embeddable":true,"href":"https:\/\/new.findnews5.com\/index.php?rest_route=\/wp\/v2\/media\/7556"}],"wp:attachment":[{"href":"https:\/\/new.findnews5.com\/index.php?rest_route=%2Fwp%2Fv2%2Fmedia&parent=7555"}],"wp:term":[{"taxonomy":"category","embeddable":true,"href":"https:\/\/new.findnews5.com\/index.php?rest_route=%2Fwp%2Fv2%2Fcategories&post=7555"},{"taxonomy":"post_tag","embeddable":true,"href":"https:\/\/new.findnews5.com\/index.php?rest_route=%2Fwp%2Fv2%2Ftags&post=7555"}],"curies":[{"name":"wp","href":"https:\/\/api.w.org\/{rel}","templated":true}]}}