{"id":7549,"date":"2023-11-28T11:44:48","date_gmt":"2023-11-28T11:44:48","guid":{"rendered":"https:\/\/new.findnews5.com\/?p=7549"},"modified":"2023-11-28T11:44:50","modified_gmt":"2023-11-28T11:44:50","slug":"mjeku-alimehmeti-ngre-alarmin-dhe-tregon-kush-po-i-vret-shqiptaret-cdo-dite-vdesin-36-persona","status":"publish","type":"post","link":"https:\/\/new.findnews5.com\/?p=7549","title":{"rendered":"Mjeku Alimehmeti ngre alarmin dhe tregon kush po i vret shqiptar\u00ebt.\u2018\u00c7do dit\u00eb vdesin 36 persona\u2019!"},"content":{"rendered":"<div class=\"78954ae5fa42b68c1393fe3da4998882\" data-index=\"1\" style=\"float: none; margin:0px 0 0px 0; text-align:center;\">\n<div data-type=\"_mgwidget\" data-widget-id=\"1576712\">\r\n<\/div>\r\n<script>(function(w,q){w[q]=w[q]||[];w[q].push([\"_mgc.load\"])})(window,\"_mgq\");\r\n<\/script>\r\n\n<\/div>\n<p>Mjeku Ilir Alimehmeti ka folur n\u00eb lidhje me s\u00ebmundjet q\u00eb prekin m\u00eb shum\u00eb qytetar\u00ebt shqiptar\u00eb, dhe se sa jan\u00eb shifrat e vdekjeve t\u00eb shkaktuara. Mjeku tha se 50% e t\u00eb gjitha vdekjeve kan\u00eb si shkak kryesor s\u00ebmundjet e qarkullimit t\u00eb gjakut dhe se problemet e zemr\u00ebs renditen t\u00eb parat.<\/p>\n<p>\u201c13 mij\u00eb e 82 vdekje n\u00eb vit shkaktohen nga k\u00ebto problematike dhe i bie 36 humbje jete n\u00eb dit\u00eb vet\u00ebm vdekje jo s\u00ebmundshm\u00ebrin\u00eb,\u201d \u2013 tha mjeku n\u00eb nj\u00eb intevist\u00eb p\u00ebr Euronews. Pas problemeve kardiake, n\u00eb vend t\u00eb dyt\u00eb dhe t\u00eb tret\u00eb jan\u00eb vdekjet nga shkaqe t\u00eb pap\u00ebrcaktuara dhe tumoret.<\/p>\n<p>\u201cMe interes \u00ebsht\u00eb t\u00eb vesh re se 23,3% t\u00eb humbjes s\u00eb jet\u00ebs jan\u00eb pa shkaqe t\u00eb pap\u00ebrcakuara mir\u00eb. \u00cbsht\u00eb e pakuptueshme q\u00eb 1 n\u00eb 5 humbje jete nuk kemi informacion pse ka humbur jet\u00ebn k\u00ebtu mund t\u00eb fshihen shum\u00eb situata t\u00eb ndryshme, si rrjedhoj\u00eb ky num\u00ebr \u00ebsht\u00eb m\u00eb i lart\u00eb. Tumoret vijn\u00eb n\u00eb vend t\u00eb tret\u00eb,\u201d \u2013 u shpreh Alihmehmeti.<\/p>\n\n<div style=\"font-size: 0px; height: 0px; line-height: 0px; margin: 0; padding: 0; clear: both;\"><\/div>","protected":false},"excerpt":{"rendered":"<p>Mjeku Ilir Alimehmeti ka folur n\u00eb lidhje me s\u00ebmundjet q\u00eb prekin m\u00eb shum\u00eb qytetar\u00ebt shqiptar\u00eb, dhe se sa jan\u00eb shifrat e vdekjeve t\u00eb shkaktuara. Mjeku tha se&#8230; <\/p>\n","protected":false},"author":1,"featured_media":7550,"comment_status":"open","ping_status":"open","sticky":false,"template":"","format":"standard","meta":{"footnotes":""},"categories":[6],"tags":[],"class_list":["post-7549","post","type-post","status-publish","format-standard","has-post-thumbnail","hentry","category-lajme"],"_links":{"self":[{"href":"https:\/\/new.findnews5.com\/index.php?rest_route=\/wp\/v2\/posts\/7549","targetHints":{"allow":["GET"]}}],"collection":[{"href":"https:\/\/new.findnews5.com\/index.php?rest_route=\/wp\/v2\/posts"}],"about":[{"href":"https:\/\/new.findnews5.com\/index.php?rest_route=\/wp\/v2\/types\/post"}],"author":[{"embeddable":true,"href":"https:\/\/new.findnews5.com\/index.php?rest_route=\/wp\/v2\/users\/1"}],"replies":[{"embeddable":true,"href":"https:\/\/new.findnews5.com\/index.php?rest_route=%2Fwp%2Fv2%2Fcomments&post=7549"}],"version-history":[{"count":0,"href":"https:\/\/new.findnews5.com\/index.php?rest_route=\/wp\/v2\/posts\/7549\/revisions"}],"wp:featuredmedia":[{"embeddable":true,"href":"https:\/\/new.findnews5.com\/index.php?rest_route=\/wp\/v2\/media\/7550"}],"wp:attachment":[{"href":"https:\/\/new.findnews5.com\/index.php?rest_route=%2Fwp%2Fv2%2Fmedia&parent=7549"}],"wp:term":[{"taxonomy":"category","embeddable":true,"href":"https:\/\/new.findnews5.com\/index.php?rest_route=%2Fwp%2Fv2%2Fcategories&post=7549"},{"taxonomy":"post_tag","embeddable":true,"href":"https:\/\/new.findnews5.com\/index.php?rest_route=%2Fwp%2Fv2%2Ftags&post=7549"}],"curies":[{"name":"wp","href":"https:\/\/api.w.org\/{rel}","templated":true}]}}