{"id":7527,"date":"2023-11-27T23:43:22","date_gmt":"2023-11-27T23:43:22","guid":{"rendered":"https:\/\/new.findnews5.com\/?p=7527"},"modified":"2023-11-27T23:43:25","modified_gmt":"2023-11-27T23:43:25","slug":"me-martoi-babai-pa-deshire-kur-e-pashe-burri-nuk-e-kishte-gruaja-tregon-vuajtjet-cdo-nate-ai-me","status":"publish","type":"post","link":"https:\/\/new.findnews5.com\/?p=7527","title":{"rendered":".Me martoi babai pa deshire! Kur e pashe burri nuk e kishte\u2026! Gruaja tregon vuajtjet, cdo nate ai me.."},"content":{"rendered":"<div class=\"78954ae5fa42b68c1393fe3da4998882\" data-index=\"1\" style=\"float: none; margin:0px 0 0px 0; text-align:center;\">\n<div data-type=\"_mgwidget\" data-widget-id=\"1576712\">\r\n<\/div>\r\n<script>(function(w,q){w[q]=w[q]||[];w[q].push([\"_mgc.load\"])})(window,\"_mgq\");\r\n<\/script>\r\n\n<\/div>\n<p>Historia e trisht\u00eb e Donika Lal\u00ebs, \u00ebsht\u00eb b\u00ebr\u00eb sot pjes\u00eb e emisionit me \u2018Zem\u00ebr t\u00eb Hapur\u2019 n\u00eb \u2018News24\u2019. Ndon\u00ebse kjo nj\u00eb dit\u00eb feste p\u00ebr besimtar\u00ebt e krishter\u00eb, Krishtlindjet, 48-vje\u00e7arja tregon se jeton prej vitesh n\u00eb Divjak\u00eb me familjen e saj.<\/p>\n<p>E pranishme n\u00eb studion e emisionit, Donika tregon se n\u00eb mosh\u00ebn 25-vje\u00e7are familja e marton me shkuesi dhe i mban t\u00eb fsheh\u00eb problemin fizik t\u00eb bashk\u00ebshortit, i cili nuk e ka nj\u00ebrin krah. Jeta mes ska mjes dhe varf\u00ebris\u00eb e Donik\u00ebs, ka qen\u00eb dhe shkaku i d shtimeve t\u00eb tre lindjeve. Akoma m\u00eb dr amatike do t\u00eb b\u00ebhej jeta e k\u00ebsaj zonj\u00eb, kur djali i saj dhjet\u00eb muajsh lindi me vr im\u00eb n\u00eb zem\u00ebr dhe nuk mbij etoi dot.<\/p>\n<p>48-vje\u00e7arja tregon se jeton n\u00eb varf\u00ebri ekst reme me burrin dhe dy djemt\u00eb, p\u00ebr t\u00eb cil\u00ebt thot\u00eb se edhe ata kan\u00eb probleme sh\u00ebndet\u00ebsore. E l nduar n\u00eb shpirt Donika rr\u00ebfen jet\u00ebn e v\u00ebshtir\u00eb ekonomike dhe sh\u00ebndet\u00ebsore, duke par\u00eb v ajtjen e f\u00ebmij\u00ebve q\u00eb r\u00ebnkonin nga dh mbja. M\u00eb shum\u00eb jetoja spitaleve shprehet n\u00ebna me l ot n\u00eb sy.<\/p>\n\n<div style=\"font-size: 0px; height: 0px; line-height: 0px; margin: 0; padding: 0; clear: both;\"><\/div>","protected":false},"excerpt":{"rendered":"<p>Historia e trisht\u00eb e Donika Lal\u00ebs, \u00ebsht\u00eb b\u00ebr\u00eb sot pjes\u00eb e emisionit me \u2018Zem\u00ebr t\u00eb Hapur\u2019 n\u00eb \u2018News24\u2019. Ndon\u00ebse kjo nj\u00eb dit\u00eb feste p\u00ebr besimtar\u00ebt e krishter\u00eb,&#8230; <\/p>\n","protected":false},"author":1,"featured_media":7528,"comment_status":"open","ping_status":"open","sticky":false,"template":"","format":"standard","meta":{"footnotes":""},"categories":[6],"tags":[],"class_list":["post-7527","post","type-post","status-publish","format-standard","has-post-thumbnail","hentry","category-lajme"],"_links":{"self":[{"href":"https:\/\/new.findnews5.com\/index.php?rest_route=\/wp\/v2\/posts\/7527","targetHints":{"allow":["GET"]}}],"collection":[{"href":"https:\/\/new.findnews5.com\/index.php?rest_route=\/wp\/v2\/posts"}],"about":[{"href":"https:\/\/new.findnews5.com\/index.php?rest_route=\/wp\/v2\/types\/post"}],"author":[{"embeddable":true,"href":"https:\/\/new.findnews5.com\/index.php?rest_route=\/wp\/v2\/users\/1"}],"replies":[{"embeddable":true,"href":"https:\/\/new.findnews5.com\/index.php?rest_route=%2Fwp%2Fv2%2Fcomments&post=7527"}],"version-history":[{"count":0,"href":"https:\/\/new.findnews5.com\/index.php?rest_route=\/wp\/v2\/posts\/7527\/revisions"}],"wp:featuredmedia":[{"embeddable":true,"href":"https:\/\/new.findnews5.com\/index.php?rest_route=\/wp\/v2\/media\/7528"}],"wp:attachment":[{"href":"https:\/\/new.findnews5.com\/index.php?rest_route=%2Fwp%2Fv2%2Fmedia&parent=7527"}],"wp:term":[{"taxonomy":"category","embeddable":true,"href":"https:\/\/new.findnews5.com\/index.php?rest_route=%2Fwp%2Fv2%2Fcategories&post=7527"},{"taxonomy":"post_tag","embeddable":true,"href":"https:\/\/new.findnews5.com\/index.php?rest_route=%2Fwp%2Fv2%2Ftags&post=7527"}],"curies":[{"name":"wp","href":"https:\/\/api.w.org\/{rel}","templated":true}]}}