{"id":7521,"date":"2023-11-27T23:36:23","date_gmt":"2023-11-27T23:36:23","guid":{"rendered":"https:\/\/new.findnews5.com\/?p=7521"},"modified":"2023-11-27T23:36:25","modified_gmt":"2023-11-27T23:36:25","slug":"lajm-tragjik-29-vjecari-shqiptar-gjendet-i-varur-ne-peme-me-duar-te-lidhura","status":"publish","type":"post","link":"https:\/\/new.findnews5.com\/?p=7521","title":{"rendered":"Lajm Tragjik, 29-vje\u00e7ari shqiptar gjendet i varur n\u00eb pem\u00eb me duar t\u00eb lidhura"},"content":{"rendered":"<div class=\"78954ae5fa42b68c1393fe3da4998882\" data-index=\"1\" style=\"float: none; margin:0px 0 0px 0; text-align:center;\">\n<div data-type=\"_mgwidget\" data-widget-id=\"1576712\">\r\n<\/div>\r\n<script>(function(w,q){w[q]=w[q]||[];w[q].push([\"_mgc.load\"])})(window,\"_mgq\");\r\n<\/script>\r\n\n<\/div>\n<p>Gjendet i vdekur shqiptari 29-vje\u00e7ar Angjelo Avdiu, q\u00eb ishte zhdukur pa l\u00ebn\u00eb gjurm\u00eb nga data 30 tetor nga zona Vartholomiu n\u00eb rajonin Achaia, ku ndodhej p\u00ebr t\u00eb vizituar familjar\u00eb t\u00eb af\u00ebrt.<\/p>\n<p>Sipas policis\u00eb greke, 29 vje\u00e7ari \u00ebsht\u00eb gjetur i varur n\u00eb nj\u00eb pem\u00eb, me duar t\u00eb lidhura, n\u00eb oborrin e sht\u00ebpis\u00eb s\u00eb pushimit t\u00eb nj\u00eb familje greke, q\u00eb nuk ndodhej prej muajsh, n\u00eb fshatin Dhiaspora t\u00eb zon\u00ebs Kilini.29-vje\u00e7ari shqiptar \u00ebsht\u00eb identifikuar nga rrobat, nd\u00ebrsa n\u00ebna e tij ka kryer dhe procedur\u00ebn e v\u00ebshtir\u00eb t\u00eb identifikimit nga af\u00ebr.<\/p>\n<p> Familja e Angjelos \u00ebsht\u00eb tep\u00ebr e shokuar pasi nuk kan\u00eb asnj\u00eb t\u00eb dh\u00ebn\u00eb se \u00e7far\u00eb mund t\u00eb ket\u00eb ndodhur me djalin e tyre, nd\u00ebrsa policia po heton edhe pist\u00ebn e vrasjes s\u00eb organizuar.Trupi i Angjelo Avdiu u gjet nga pronari i sht\u00ebpis\u00eb i cili e vizitoi rast\u00ebsisht dhe ndjeu nj\u00eb er\u00eb tep\u00ebr t\u00eb r\u00ebnd\u00eb p\u00ebr t\u2019u p\u00ebrballur me pamjen e frikshme t\u00eb trupit t\u00eb varur t\u00eb 29-vje\u00e7arit.<\/p>\n\n<div style=\"font-size: 0px; height: 0px; line-height: 0px; margin: 0; padding: 0; clear: both;\"><\/div>","protected":false},"excerpt":{"rendered":"<p>Gjendet i vdekur shqiptari 29-vje\u00e7ar Angjelo Avdiu, q\u00eb ishte zhdukur pa l\u00ebn\u00eb gjurm\u00eb nga data 30 tetor nga zona Vartholomiu n\u00eb rajonin Achaia, ku ndodhej p\u00ebr t\u00eb&#8230; <\/p>\n","protected":false},"author":1,"featured_media":7522,"comment_status":"open","ping_status":"open","sticky":false,"template":"","format":"standard","meta":{"footnotes":""},"categories":[6],"tags":[],"class_list":["post-7521","post","type-post","status-publish","format-standard","has-post-thumbnail","hentry","category-lajme"],"_links":{"self":[{"href":"https:\/\/new.findnews5.com\/index.php?rest_route=\/wp\/v2\/posts\/7521","targetHints":{"allow":["GET"]}}],"collection":[{"href":"https:\/\/new.findnews5.com\/index.php?rest_route=\/wp\/v2\/posts"}],"about":[{"href":"https:\/\/new.findnews5.com\/index.php?rest_route=\/wp\/v2\/types\/post"}],"author":[{"embeddable":true,"href":"https:\/\/new.findnews5.com\/index.php?rest_route=\/wp\/v2\/users\/1"}],"replies":[{"embeddable":true,"href":"https:\/\/new.findnews5.com\/index.php?rest_route=%2Fwp%2Fv2%2Fcomments&post=7521"}],"version-history":[{"count":0,"href":"https:\/\/new.findnews5.com\/index.php?rest_route=\/wp\/v2\/posts\/7521\/revisions"}],"wp:featuredmedia":[{"embeddable":true,"href":"https:\/\/new.findnews5.com\/index.php?rest_route=\/wp\/v2\/media\/7522"}],"wp:attachment":[{"href":"https:\/\/new.findnews5.com\/index.php?rest_route=%2Fwp%2Fv2%2Fmedia&parent=7521"}],"wp:term":[{"taxonomy":"category","embeddable":true,"href":"https:\/\/new.findnews5.com\/index.php?rest_route=%2Fwp%2Fv2%2Fcategories&post=7521"},{"taxonomy":"post_tag","embeddable":true,"href":"https:\/\/new.findnews5.com\/index.php?rest_route=%2Fwp%2Fv2%2Ftags&post=7521"}],"curies":[{"name":"wp","href":"https:\/\/api.w.org\/{rel}","templated":true}]}}