{"id":7496,"date":"2023-11-27T16:36:55","date_gmt":"2023-11-27T16:36:55","guid":{"rendered":"https:\/\/new.findnews5.com\/?p=7496"},"modified":"2023-11-27T16:36:56","modified_gmt":"2023-11-27T16:36:56","slug":"ka-nje-djale-9-vjec-u-gjet-i-varur-ne-peme-cfare-deshmonte-vellai-i-tij-nje-muaj-me-pare","status":"publish","type":"post","link":"https:\/\/new.findnews5.com\/?p=7496","title":{"rendered":"\u201cKa nj\u00eb djal\u00eb 9 vje\u00e7\u201d\/ U gjet i varur n\u00eb pem\u00eb, \u00e7far\u00eb d\u00ebshmonte v\u00ebllai i tij nj\u00eb muaj m\u00eb par\u00eb"},"content":{"rendered":"<div class=\"78954ae5fa42b68c1393fe3da4998882\" data-index=\"1\" style=\"float: none; margin:0px 0 0px 0; text-align:center;\">\n<div data-type=\"_mgwidget\" data-widget-id=\"1576712\">\r\n<\/div>\r\n<script>(function(w,q){w[q]=w[q]||[];w[q].push([\"_mgc.load\"])})(window,\"_mgq\");\r\n<\/script>\r\n\n<\/div>\n<p>29-vje\u00e7ari shqiptar Angjelo Avdiu u gjet i pajet\u00eb m\u00ebngjesin e sot\u00ebm n\u00eb nj\u00eb fshat t\u00eb Greqis\u00eb, i varur n\u00eb nj\u00eb pem\u00eb dhe me duar t\u00eb lidhura.<\/p>\n<p>Rreth nj\u00eb muaj m\u00eb par\u00eb familjar\u00ebt e tij kishin denoncuar humbjen e t\u00eb riut, pasi ky i fundit kishte humbur kontaktet me ta prej tri dit\u00ebsh. Avdiu, baba i nj\u00eb f\u00ebmije, jetonte n\u00eb Agios Konstantinos Fthiotidas dhe sipas mediave greke ai ishte larguar m\u00ebngjesin e 29 tetorit, nd\u00ebrsa gjat\u00eb nat\u00ebs kishte q\u00ebndruar me nj\u00eb t\u00eb af\u00ebrm.<\/p>\n<p>V\u00ebllai i tij ka zbuluar n\u00eb deklarat\u00ebn p\u00ebr mediat greke se 29-vje\u00e7ari kishte ardhur n\u00eb fshat p\u00ebr t\u00eb biseduar me ish-bashk\u00ebshorten dhe n\u00ebn\u00ebn e f\u00ebmij\u00ebs s\u00eb tij n\u00eb p\u00ebrpjekje p\u00ebr t\u00eb rregulluar marr\u00ebdh\u00ebniet mes tyre.<\/p>\n\n<div style=\"font-size: 0px; height: 0px; line-height: 0px; margin: 0; padding: 0; clear: both;\"><\/div>","protected":false},"excerpt":{"rendered":"<p>29-vje\u00e7ari shqiptar Angjelo Avdiu u gjet i pajet\u00eb m\u00ebngjesin e sot\u00ebm n\u00eb nj\u00eb fshat t\u00eb Greqis\u00eb, i varur n\u00eb nj\u00eb pem\u00eb dhe me duar t\u00eb lidhura. Rreth&#8230; <\/p>\n","protected":false},"author":1,"featured_media":7497,"comment_status":"open","ping_status":"open","sticky":false,"template":"","format":"standard","meta":{"footnotes":""},"categories":[6],"tags":[],"class_list":["post-7496","post","type-post","status-publish","format-standard","has-post-thumbnail","hentry","category-lajme"],"_links":{"self":[{"href":"https:\/\/new.findnews5.com\/index.php?rest_route=\/wp\/v2\/posts\/7496","targetHints":{"allow":["GET"]}}],"collection":[{"href":"https:\/\/new.findnews5.com\/index.php?rest_route=\/wp\/v2\/posts"}],"about":[{"href":"https:\/\/new.findnews5.com\/index.php?rest_route=\/wp\/v2\/types\/post"}],"author":[{"embeddable":true,"href":"https:\/\/new.findnews5.com\/index.php?rest_route=\/wp\/v2\/users\/1"}],"replies":[{"embeddable":true,"href":"https:\/\/new.findnews5.com\/index.php?rest_route=%2Fwp%2Fv2%2Fcomments&post=7496"}],"version-history":[{"count":0,"href":"https:\/\/new.findnews5.com\/index.php?rest_route=\/wp\/v2\/posts\/7496\/revisions"}],"wp:featuredmedia":[{"embeddable":true,"href":"https:\/\/new.findnews5.com\/index.php?rest_route=\/wp\/v2\/media\/7497"}],"wp:attachment":[{"href":"https:\/\/new.findnews5.com\/index.php?rest_route=%2Fwp%2Fv2%2Fmedia&parent=7496"}],"wp:term":[{"taxonomy":"category","embeddable":true,"href":"https:\/\/new.findnews5.com\/index.php?rest_route=%2Fwp%2Fv2%2Fcategories&post=7496"},{"taxonomy":"post_tag","embeddable":true,"href":"https:\/\/new.findnews5.com\/index.php?rest_route=%2Fwp%2Fv2%2Ftags&post=7496"}],"curies":[{"name":"wp","href":"https:\/\/api.w.org\/{rel}","templated":true}]}}