{"id":7493,"date":"2023-11-27T16:29:30","date_gmt":"2023-11-27T16:29:30","guid":{"rendered":"https:\/\/new.findnews5.com\/?p=7493"},"modified":"2023-11-27T16:29:31","modified_gmt":"2023-11-27T16:29:31","slug":"rama-bonusi-per-pensionistet-do-te-nise-te-shperndahet-nga-kjo-dite","status":"publish","type":"post","link":"https:\/\/new.findnews5.com\/?p=7493","title":{"rendered":"RAMA: Bonusi p\u00ebr pensionist\u00ebt do t\u00eb nis\u00eb t\u00eb shp\u00ebrndahet nga kjo dit\u00eb"},"content":{"rendered":"<div class=\"78954ae5fa42b68c1393fe3da4998882\" data-index=\"1\" style=\"float: none; margin:0px 0 0px 0; text-align:center;\">\n<div data-type=\"_mgwidget\" data-widget-id=\"1576712\">\r\n<\/div>\r\n<script>(function(w,q){w[q]=w[q]||[];w[q].push([\"_mgc.load\"])})(window,\"_mgq\");\r\n<\/script>\r\n\n<\/div>\n<p>Kreu i qeveris\u00eb, Edi Rama, ka njoftuar nga Vlora se brenda pak dit\u00ebsh do t\u00eb nis shp\u00ebrndarja e bonusit t\u00eb fundvitit p\u00ebr pensionist\u00ebt.<\/p>\n<p>Gjat\u00eb fjal\u00ebs s\u00eb tij, kryeministri u shpreh se vendi ka pasur k\u00ebt\u00eb vit nj\u00eb stabilitet dhe fuqizim t\u00eb ekonomis\u00eb m\u00eb shum\u00eb se \u00e7do vit tjet\u00ebr. Sipas tij, ndryshe nga vitet e tjera q\u00eb ndarja e bonusit ndodhet n\u00eb jav\u00ebn e fundit t\u00eb vitit, sivjet do t\u00eb nis\u00eb q\u00eb n\u00eb fillim t\u00eb dhjetorit.<\/p>\n<p>\u201cThon\u00eb se PS nuk \u00ebsht\u00eb e majt\u00eb, por kjo rr\u00ebzohet duke par\u00eb se \u00e7far\u00eb p\u00ebrqindje z\u00eb n\u00eb t\u00eb gjith\u00eb buxhetin mbrojtja sociale. 33% e t\u00eb gjith\u00ebs shkon p\u00ebr kujdes social. Q\u00eb nga pensionist\u00ebt, q\u00eb p\u00ebrve\u00e7 rritjes s\u00eb pensioneve p\u00ebrmes riindeksimit t\u00eb vazhduesh\u00ebm, \u00ebsht\u00eb i p\u00ebrcaktuar edhe bonusi, q\u00eb do ta japim p\u00ebrs\u00ebri tani n\u00eb prag t\u00eb festave, por ndryshe nga vitet e tjera, p\u00ebr shkak se kemi nj\u00eb situat\u00eb financiare m\u00eb t\u00eb mir\u00eb, do fillojm\u00eb ta japim menj\u00ebher\u00eb. Brenda disa dit\u00ebsh do filloj\u00eb shp\u00ebrndarja e bonusit t\u00eb pensionist\u00ebve, si\u00e7 u b\u00eb edhe vitin e kaluar\u201d, u shpreh Rama.<\/p>\n\n<div style=\"font-size: 0px; height: 0px; line-height: 0px; margin: 0; padding: 0; clear: both;\"><\/div>","protected":false},"excerpt":{"rendered":"<p>Kreu i qeveris\u00eb, Edi Rama, ka njoftuar nga Vlora se brenda pak dit\u00ebsh do t\u00eb nis shp\u00ebrndarja e bonusit t\u00eb fundvitit p\u00ebr pensionist\u00ebt. Gjat\u00eb fjal\u00ebs s\u00eb tij,&#8230; <\/p>\n","protected":false},"author":1,"featured_media":7494,"comment_status":"open","ping_status":"open","sticky":false,"template":"","format":"standard","meta":{"footnotes":""},"categories":[6],"tags":[],"class_list":["post-7493","post","type-post","status-publish","format-standard","has-post-thumbnail","hentry","category-lajme"],"_links":{"self":[{"href":"https:\/\/new.findnews5.com\/index.php?rest_route=\/wp\/v2\/posts\/7493","targetHints":{"allow":["GET"]}}],"collection":[{"href":"https:\/\/new.findnews5.com\/index.php?rest_route=\/wp\/v2\/posts"}],"about":[{"href":"https:\/\/new.findnews5.com\/index.php?rest_route=\/wp\/v2\/types\/post"}],"author":[{"embeddable":true,"href":"https:\/\/new.findnews5.com\/index.php?rest_route=\/wp\/v2\/users\/1"}],"replies":[{"embeddable":true,"href":"https:\/\/new.findnews5.com\/index.php?rest_route=%2Fwp%2Fv2%2Fcomments&post=7493"}],"version-history":[{"count":0,"href":"https:\/\/new.findnews5.com\/index.php?rest_route=\/wp\/v2\/posts\/7493\/revisions"}],"wp:featuredmedia":[{"embeddable":true,"href":"https:\/\/new.findnews5.com\/index.php?rest_route=\/wp\/v2\/media\/7494"}],"wp:attachment":[{"href":"https:\/\/new.findnews5.com\/index.php?rest_route=%2Fwp%2Fv2%2Fmedia&parent=7493"}],"wp:term":[{"taxonomy":"category","embeddable":true,"href":"https:\/\/new.findnews5.com\/index.php?rest_route=%2Fwp%2Fv2%2Fcategories&post=7493"},{"taxonomy":"post_tag","embeddable":true,"href":"https:\/\/new.findnews5.com\/index.php?rest_route=%2Fwp%2Fv2%2Ftags&post=7493"}],"curies":[{"name":"wp","href":"https:\/\/api.w.org\/{rel}","templated":true}]}}