{"id":7480,"date":"2023-11-27T00:07:24","date_gmt":"2023-11-27T00:07:24","guid":{"rendered":"https:\/\/new.findnews5.com\/?p=7480"},"modified":"2023-11-27T00:07:25","modified_gmt":"2023-11-27T00:07:25","slug":"eshte-ndare-nga-bashkeshorti-rudina-hajdari-flet-hapur-per-jeten-e-saj-private","status":"publish","type":"post","link":"https:\/\/new.findnews5.com\/?p=7480","title":{"rendered":"\u00cbsht\u00eb ndar\u00eb nga bashk\u00ebshorti? Rudina Hajdari flet hapur p\u00ebr jet\u00ebn e saj private.."},"content":{"rendered":"<div class=\"78954ae5fa42b68c1393fe3da4998882\" data-index=\"1\" style=\"float: none; margin:0px 0 0px 0; text-align:center;\">\n<div data-type=\"_mgwidget\" data-widget-id=\"1576712\">\r\n<\/div>\r\n<script>(function(w,q){w[q]=w[q]||[];w[q].push([\"_mgc.load\"])})(window,\"_mgq\");\r\n<\/script>\r\n\n<\/div>\n<p>Rudina Hajdari, ishte m\u00ebngjesin e sot\u00ebm e ftuar n\u00eb emisionin \u201cWake Up\u201d, ku foli edhe p\u00ebr jet\u00ebn e saj private. \u00cbsht\u00eb folur shum\u00eb p\u00ebr marr\u00ebdh\u00ebnien me bashk\u00ebshortin e saj, duke qen\u00eb se ai jeton n\u00eb Shtetet e Bashkuara t\u00eb Amerik\u00ebs, nd\u00ebrsa Rudina p\u00ebr shkak t\u00eb angazhimeve n\u00eb politik\u00eb jeton n\u00eb Shqip\u00ebri.<\/p>\n<p>\u201c\u00cbsht\u00eb shum\u00eb e v\u00ebshtir\u00eb sepse q\u00eb n\u00eb vitin 2017 kemi k\u00ebt\u00eb histori q\u00eb jemi larg nj\u00ebri-tjetrit. E padyshim q\u00eb ka krijuar nj\u00eb ftohje n\u00eb marr\u00ebdh\u00ebnie, por ne mundohemi q\u00eb t\u00eb b\u00ebjm\u00eb m\u00eb t\u00eb mir\u00ebn sepse kemi nj\u00eb vajz\u00eb. Kjo e b\u00ebn marr\u00ebdh\u00ebnien pak m\u00eb t\u00eb komplikuar.<\/p>\n<p>Duke marr\u00eb parasysh se vajza po rritet dhe kupton akoma m\u00eb shum\u00eb, mundohemi q\u00eb t\u00eb b\u00ebjm\u00eb m\u00eb t\u00eb mir\u00ebn t\u00eb mundshme. Por q\u00eb larg\u00ebsia b\u00ebn t\u00eb veten padyshim. Nuk \u00ebsht\u00eb nj\u00ebsoj sikur t\u00eb isha n\u00eb Amerik\u00eb, por q\u00eb si \u00e7do njeri q\u00eb ka d\u00ebshir\u00eb t\u00eb ndjek\u00eb \u00ebndrrat e veta, un\u00eb zgjodha k\u00ebt\u00eb rrug\u00eb. Por as atij nuk i v\u00eb faj sepse ka investuar n\u00eb Amerik\u00eb prej m\u00eb shum\u00eb se 20 vitesh dhe \u00ebsht\u00eb shum\u00eb i suksessh\u00ebm aty ku \u00ebsht\u00eb.<\/p>\n\n<div style=\"font-size: 0px; height: 0px; line-height: 0px; margin: 0; padding: 0; clear: both;\"><\/div>","protected":false},"excerpt":{"rendered":"<p>Rudina Hajdari, ishte m\u00ebngjesin e sot\u00ebm e ftuar n\u00eb emisionin \u201cWake Up\u201d, ku foli edhe p\u00ebr jet\u00ebn e saj private. \u00cbsht\u00eb folur shum\u00eb p\u00ebr marr\u00ebdh\u00ebnien me bashk\u00ebshortin&#8230; <\/p>\n","protected":false},"author":1,"featured_media":7481,"comment_status":"open","ping_status":"open","sticky":false,"template":"","format":"standard","meta":{"footnotes":""},"categories":[6],"tags":[],"class_list":["post-7480","post","type-post","status-publish","format-standard","has-post-thumbnail","hentry","category-lajme"],"_links":{"self":[{"href":"https:\/\/new.findnews5.com\/index.php?rest_route=\/wp\/v2\/posts\/7480","targetHints":{"allow":["GET"]}}],"collection":[{"href":"https:\/\/new.findnews5.com\/index.php?rest_route=\/wp\/v2\/posts"}],"about":[{"href":"https:\/\/new.findnews5.com\/index.php?rest_route=\/wp\/v2\/types\/post"}],"author":[{"embeddable":true,"href":"https:\/\/new.findnews5.com\/index.php?rest_route=\/wp\/v2\/users\/1"}],"replies":[{"embeddable":true,"href":"https:\/\/new.findnews5.com\/index.php?rest_route=%2Fwp%2Fv2%2Fcomments&post=7480"}],"version-history":[{"count":0,"href":"https:\/\/new.findnews5.com\/index.php?rest_route=\/wp\/v2\/posts\/7480\/revisions"}],"wp:featuredmedia":[{"embeddable":true,"href":"https:\/\/new.findnews5.com\/index.php?rest_route=\/wp\/v2\/media\/7481"}],"wp:attachment":[{"href":"https:\/\/new.findnews5.com\/index.php?rest_route=%2Fwp%2Fv2%2Fmedia&parent=7480"}],"wp:term":[{"taxonomy":"category","embeddable":true,"href":"https:\/\/new.findnews5.com\/index.php?rest_route=%2Fwp%2Fv2%2Fcategories&post=7480"},{"taxonomy":"post_tag","embeddable":true,"href":"https:\/\/new.findnews5.com\/index.php?rest_route=%2Fwp%2Fv2%2Ftags&post=7480"}],"curies":[{"name":"wp","href":"https:\/\/api.w.org\/{rel}","templated":true}]}}