{"id":7477,"date":"2023-11-26T23:55:15","date_gmt":"2023-11-26T23:55:15","guid":{"rendered":"https:\/\/new.findnews5.com\/?p=7477"},"modified":"2023-11-26T23:55:16","modified_gmt":"2023-11-26T23:55:16","slug":"keni-kondicioner-mos-e-perdorni-asesi-keto-jane-demet-qe-i-shkaktojne","status":"publish","type":"post","link":"https:\/\/new.findnews5.com\/?p=7477","title":{"rendered":"Keni kondicioner? Mos e perdorni asesi. Keto jane demet qe i shkaktojne.."},"content":{"rendered":"<div class=\"78954ae5fa42b68c1393fe3da4998882\" data-index=\"1\" style=\"float: none; margin:0px 0 0px 0; text-align:center;\">\n<div data-type=\"_mgwidget\" data-widget-id=\"1576712\">\r\n<\/div>\r\n<script>(function(w,q){w[q]=w[q]||[];w[q].push([\"_mgc.load\"])})(window,\"_mgq\");\r\n<\/script>\r\n\n<\/div>\n<p>Ajri i ftoht\u00eb dhe i that\u00eb i kondicionuar sjell shum\u00eb freski n\u00eb minutat e para, por m\u00eb pas v\u00ebren se t\u00eb kan\u00eb kapur t\u00eb dridhurat.<\/p>\n<p>N\u00eb shumic\u00ebn e dyqaneve, sht\u00ebpive apo zyrave temperatura e kondicionerit \u00ebsht\u00eb tep\u00ebr e ul\u00ebt dhe si rrjedhoj\u00eb e ndien menj\u00ebher\u00eb q\u00eb po s\u00ebmuresh.<\/p>\n<p>N\u00ebse kalon nj\u00eb koh\u00eb t\u00eb gjat\u00eb n\u00ebn presionin e ajrit t\u00eb kondicionuar ndihesh m\u00eb i lodhur dhe muskujt jan\u00eb m\u00eb t\u00eb kontraktuar nga ethet e dit\u00ebs. Ndon\u00ebse n\u00eb dit\u00ebt p\u00ebrv\u00ebluese kondicioneri \u00ebsht\u00eb shp\u00ebtimtar, na duhet t\u00eb dim\u00eb m\u00eb shum\u00eb p\u00ebr t\u00eb mirat dhe t\u00eb k\u00ebqijat e tij.<\/p>\n<p>S\u00eb pari, kondicioneri \u00ebsht\u00eb nj\u00eb vler\u00eb e shtuar p\u00ebr njer\u00ebzit q\u00eb vuajn\u00eb nga astma dhe alergjit\u00eb, duke qen\u00eb se poleni dhe pluhurat filtrohen automatikisht.<\/p>\n\n<div style=\"font-size: 0px; height: 0px; line-height: 0px; margin: 0; padding: 0; clear: both;\"><\/div>","protected":false},"excerpt":{"rendered":"<p>Ajri i ftoht\u00eb dhe i that\u00eb i kondicionuar sjell shum\u00eb freski n\u00eb minutat e para, por m\u00eb pas v\u00ebren se t\u00eb kan\u00eb kapur t\u00eb dridhurat. N\u00eb shumic\u00ebn&#8230; <\/p>\n","protected":false},"author":1,"featured_media":7478,"comment_status":"open","ping_status":"open","sticky":false,"template":"","format":"standard","meta":{"footnotes":""},"categories":[6],"tags":[],"class_list":["post-7477","post","type-post","status-publish","format-standard","has-post-thumbnail","hentry","category-lajme"],"_links":{"self":[{"href":"https:\/\/new.findnews5.com\/index.php?rest_route=\/wp\/v2\/posts\/7477","targetHints":{"allow":["GET"]}}],"collection":[{"href":"https:\/\/new.findnews5.com\/index.php?rest_route=\/wp\/v2\/posts"}],"about":[{"href":"https:\/\/new.findnews5.com\/index.php?rest_route=\/wp\/v2\/types\/post"}],"author":[{"embeddable":true,"href":"https:\/\/new.findnews5.com\/index.php?rest_route=\/wp\/v2\/users\/1"}],"replies":[{"embeddable":true,"href":"https:\/\/new.findnews5.com\/index.php?rest_route=%2Fwp%2Fv2%2Fcomments&post=7477"}],"version-history":[{"count":0,"href":"https:\/\/new.findnews5.com\/index.php?rest_route=\/wp\/v2\/posts\/7477\/revisions"}],"wp:featuredmedia":[{"embeddable":true,"href":"https:\/\/new.findnews5.com\/index.php?rest_route=\/wp\/v2\/media\/7478"}],"wp:attachment":[{"href":"https:\/\/new.findnews5.com\/index.php?rest_route=%2Fwp%2Fv2%2Fmedia&parent=7477"}],"wp:term":[{"taxonomy":"category","embeddable":true,"href":"https:\/\/new.findnews5.com\/index.php?rest_route=%2Fwp%2Fv2%2Fcategories&post=7477"},{"taxonomy":"post_tag","embeddable":true,"href":"https:\/\/new.findnews5.com\/index.php?rest_route=%2Fwp%2Fv2%2Ftags&post=7477"}],"curies":[{"name":"wp","href":"https:\/\/api.w.org\/{rel}","templated":true}]}}