{"id":7470,"date":"2023-11-26T23:22:48","date_gmt":"2023-11-26T23:22:48","guid":{"rendered":"https:\/\/new.findnews5.com\/?p=7470"},"modified":"2023-11-26T23:22:49","modified_gmt":"2023-11-26T23:22:49","slug":"kengetari-shqiptar-mblidhja-domate-per-te-mbijetuar-ne-greqi-ishte-nje-pune-qe-nuk-e-benin-burrat-por-grate","status":"publish","type":"post","link":"https:\/\/new.findnews5.com\/?p=7470","title":{"rendered":"K\u00ebng\u00ebtari shqiptar: Mblidhja domate p\u00ebr t\u00eb mbijetuar n\u00eb Greqi. Ishte nj\u00eb pun\u00eb q\u00eb nuk e b\u00ebnin burrat, por grat\u00eb"},"content":{"rendered":"<div class=\"78954ae5fa42b68c1393fe3da4998882\" data-index=\"1\" style=\"float: none; margin:0px 0 0px 0; text-align:center;\">\n<div data-type=\"_mgwidget\" data-widget-id=\"1576712\">\r\n<\/div>\r\n<script>(function(w,q){w[q]=w[q]||[];w[q].push([\"_mgc.load\"])})(window,\"_mgq\");\r\n<\/script>\r\n\n<\/div>\n<p>K\u00ebng\u00ebtari i mir\u00ebnjohur Stefi Prifti ka b\u00ebr\u00eb nj\u00eb rr\u00ebfim duke u ndalur te emigracioni n\u00eb periudh\u00ebn e v\u00ebshtir\u00eb t\u00eb 1991-shit. Stefi rr\u00ebfeu se kur emigroi n\u00eb Greqi, si t\u00eb gjith\u00eb shqiptar\u00ebt edhe ai \u00ebsht\u00eb detyruar t\u00eb b\u00ebj\u00eb pun\u00eb t\u00eb v\u00ebshtira p\u00ebr t\u00eb mbijetuar, sikurse ishte mbledhja e domateve. <\/p>\n<p>\u201cEmigracioni, momenti i par\u00eb ishte edhe i \u00e7uditsh\u00ebm dhe i v\u00ebshtir\u00eb. Ndonj\u00ebher\u00eb duhet edhe nj\u00eb fije fati dhe Endrin e kishim p\u00ebrciell\u00eb pak muaj m\u00eb par\u00eb. Endri kishte 6 muaj, ose m\u00eb mir\u00eb t\u00eb themi 5 sepse 1 muaj ndenji te kush\u00ebrirat e mamas\u00eb si turist dhe e mbajt\u00ebn ato n\u00eb p\u00ebll\u00ebmb\u00eb t\u00eb dor\u00ebs.<\/p>\n<p>M\u00eb pas ne iu lut\u00ebm atyre q\u00eb t\u2019i gjenin nj\u00eb pun\u00eb sepse b\u00ebhej fjal\u00eb p\u00ebr n\u00eb 1991-shin. Dhe Endri kishte 5 muaj q\u00eb punonte pun\u00eb t\u00eb ndryshme, pun\u00eb krahu, \u00e7far\u00eb t\u2019i dilte para p\u00ebr t\u00eb jetuar. N\u00eb momentin q\u00eb shkova un\u00eb, edhe un\u00eb po ti b\u00ebsh\u00eb bashk\u00eb t\u00eb gjitha pun\u00ebt e mija, punova dy jav\u00eb.<\/p>\n<p>Mund t\u2019ju b\u00ebj\u00eb p\u00ebr t\u00eb qeshur, por un\u00eb kam mbledhur domate dy her\u00eb dhe at\u00eb mbaj mend si pun\u00ebn fizike m\u00eb t\u00eb v\u00ebshtir\u00eb q\u00eb kam b\u00ebr\u00eb si burr n\u00eb Greqi. Ishte nj\u00eb pun\u00eb q\u00eb nuk e b\u00ebnin burrat por grat\u00eb\u201d, tha Stefi n\u00eb \u201cS\u2019e luan Topi\u201d n\u00eb Tch.<\/p>\n\n<div style=\"font-size: 0px; height: 0px; line-height: 0px; margin: 0; padding: 0; clear: both;\"><\/div>","protected":false},"excerpt":{"rendered":"<p>K\u00ebng\u00ebtari i mir\u00ebnjohur Stefi Prifti ka b\u00ebr\u00eb nj\u00eb rr\u00ebfim duke u ndalur te emigracioni n\u00eb periudh\u00ebn e v\u00ebshtir\u00eb t\u00eb 1991-shit. Stefi rr\u00ebfeu se kur emigroi n\u00eb Greqi,&#8230; <\/p>\n","protected":false},"author":1,"featured_media":7472,"comment_status":"open","ping_status":"open","sticky":false,"template":"","format":"standard","meta":{"footnotes":""},"categories":[6],"tags":[],"class_list":["post-7470","post","type-post","status-publish","format-standard","has-post-thumbnail","hentry","category-lajme"],"_links":{"self":[{"href":"https:\/\/new.findnews5.com\/index.php?rest_route=\/wp\/v2\/posts\/7470","targetHints":{"allow":["GET"]}}],"collection":[{"href":"https:\/\/new.findnews5.com\/index.php?rest_route=\/wp\/v2\/posts"}],"about":[{"href":"https:\/\/new.findnews5.com\/index.php?rest_route=\/wp\/v2\/types\/post"}],"author":[{"embeddable":true,"href":"https:\/\/new.findnews5.com\/index.php?rest_route=\/wp\/v2\/users\/1"}],"replies":[{"embeddable":true,"href":"https:\/\/new.findnews5.com\/index.php?rest_route=%2Fwp%2Fv2%2Fcomments&post=7470"}],"version-history":[{"count":0,"href":"https:\/\/new.findnews5.com\/index.php?rest_route=\/wp\/v2\/posts\/7470\/revisions"}],"wp:featuredmedia":[{"embeddable":true,"href":"https:\/\/new.findnews5.com\/index.php?rest_route=\/wp\/v2\/media\/7472"}],"wp:attachment":[{"href":"https:\/\/new.findnews5.com\/index.php?rest_route=%2Fwp%2Fv2%2Fmedia&parent=7470"}],"wp:term":[{"taxonomy":"category","embeddable":true,"href":"https:\/\/new.findnews5.com\/index.php?rest_route=%2Fwp%2Fv2%2Fcategories&post=7470"},{"taxonomy":"post_tag","embeddable":true,"href":"https:\/\/new.findnews5.com\/index.php?rest_route=%2Fwp%2Fv2%2Ftags&post=7470"}],"curies":[{"name":"wp","href":"https:\/\/api.w.org\/{rel}","templated":true}]}}