{"id":7451,"date":"2023-11-26T22:40:17","date_gmt":"2023-11-26T22:40:17","guid":{"rendered":"https:\/\/new.findnews5.com\/?p=7451"},"modified":"2023-11-26T22:40:19","modified_gmt":"2023-11-26T22:40:19","slug":"pas-fasuleve-rritet-edhe-cmimi-i-djathit-ja-sa-ka-shkuar-kilogrami-i-kackavallit-ne-korce","status":"publish","type":"post","link":"https:\/\/new.findnews5.com\/?p=7451","title":{"rendered":"Pas fasuleve, rritet edhe cmimi i djathit, ja sa ka shkuar kilogrami i kackavallit ne Korce"},"content":{"rendered":"<div class=\"78954ae5fa42b68c1393fe3da4998882\" data-index=\"1\" style=\"float: none; margin:0px 0 0px 0; text-align:center;\">\n<div data-type=\"_mgwidget\" data-widget-id=\"1576712\">\r\n<\/div>\r\n<script>(function(w,q){w[q]=w[q]||[];w[q].push([\"_mgc.load\"])})(window,\"_mgq\");\r\n<\/script>\r\n\n<\/div>\n<p>\u00c7mimi i djathit t\u00eb bardh\u00eb dhe ka\u00e7kavallit \u00ebsht\u00eb rritur me 40 p\u00ebr qind n\u00eb Kor\u00e7\u00eb. Shkak \u00ebsht\u00eb b\u00ebr\u00eb ulja e sasis\u00eb s\u00eb qum\u00ebshtit dhe braktisja e sektorit t\u00eb blegtoris\u00eb.<\/p>\n<p>Specialisti p\u00ebrpunimit t\u00eb djathit, Ilia Roca tha se ka r\u00ebn\u00eb prodhimi n\u00eb baxho, e p\u00ebr pasoj\u00eb djathi del n\u00eb treg me \u00e7mim m\u00eb t\u00eb shtrenjt\u00eb se vitin e kaluar.<\/p>\n<p>\u201cKa r\u00ebnie t\u00eb sasis\u00eb s\u00eb qum\u00ebshtit nga blegtor\u00ebt. Un\u00eb vjet merrja 7 kuintal qum\u00ebsht, tani marr 1 kuintal, ka r\u00ebnie drastike t\u00eb prodhimit t\u00eb bulmetit. Ndaj rritja e \u00e7mimit t\u00eb bulmetit do t\u00eb vazhdoj\u00eb. S\u2019ka zgjidhje\u201d,- tha Roca.<\/p>\n<p>\u00c7mimi u rrit me 45-50 p\u00ebr qind m\u00eb shum\u00eb. N\u00ebse deri vjet e merrnim qum\u00ebshtin e deles me 80-90 lek p\u00ebr lit\u00ebr, sivjet e kemi marr\u00eb me 150 lek p\u00ebr lit\u00ebr\u201d,- shtoi ai. Djathi ka\u00e7kavall i deles shitet me pakice 1600 lek p\u00ebr kg, nd\u00ebrsa djathi i bardhe me 1 mije lek per kg.<\/p>\n\n<div style=\"font-size: 0px; height: 0px; line-height: 0px; margin: 0; padding: 0; clear: both;\"><\/div>","protected":false},"excerpt":{"rendered":"<p>\u00c7mimi i djathit t\u00eb bardh\u00eb dhe ka\u00e7kavallit \u00ebsht\u00eb rritur me 40 p\u00ebr qind n\u00eb Kor\u00e7\u00eb. Shkak \u00ebsht\u00eb b\u00ebr\u00eb ulja e sasis\u00eb s\u00eb qum\u00ebshtit dhe braktisja e sektorit&#8230; <\/p>\n","protected":false},"author":1,"featured_media":7452,"comment_status":"open","ping_status":"open","sticky":false,"template":"","format":"standard","meta":{"footnotes":""},"categories":[6],"tags":[],"class_list":["post-7451","post","type-post","status-publish","format-standard","has-post-thumbnail","hentry","category-lajme"],"_links":{"self":[{"href":"https:\/\/new.findnews5.com\/index.php?rest_route=\/wp\/v2\/posts\/7451","targetHints":{"allow":["GET"]}}],"collection":[{"href":"https:\/\/new.findnews5.com\/index.php?rest_route=\/wp\/v2\/posts"}],"about":[{"href":"https:\/\/new.findnews5.com\/index.php?rest_route=\/wp\/v2\/types\/post"}],"author":[{"embeddable":true,"href":"https:\/\/new.findnews5.com\/index.php?rest_route=\/wp\/v2\/users\/1"}],"replies":[{"embeddable":true,"href":"https:\/\/new.findnews5.com\/index.php?rest_route=%2Fwp%2Fv2%2Fcomments&post=7451"}],"version-history":[{"count":0,"href":"https:\/\/new.findnews5.com\/index.php?rest_route=\/wp\/v2\/posts\/7451\/revisions"}],"wp:featuredmedia":[{"embeddable":true,"href":"https:\/\/new.findnews5.com\/index.php?rest_route=\/wp\/v2\/media\/7452"}],"wp:attachment":[{"href":"https:\/\/new.findnews5.com\/index.php?rest_route=%2Fwp%2Fv2%2Fmedia&parent=7451"}],"wp:term":[{"taxonomy":"category","embeddable":true,"href":"https:\/\/new.findnews5.com\/index.php?rest_route=%2Fwp%2Fv2%2Fcategories&post=7451"},{"taxonomy":"post_tag","embeddable":true,"href":"https:\/\/new.findnews5.com\/index.php?rest_route=%2Fwp%2Fv2%2Ftags&post=7451"}],"curies":[{"name":"wp","href":"https:\/\/api.w.org\/{rel}","templated":true}]}}