{"id":7436,"date":"2023-11-26T22:12:55","date_gmt":"2023-11-26T22:12:55","guid":{"rendered":"https:\/\/new.findnews5.com\/?p=7436"},"modified":"2023-11-26T22:12:56","modified_gmt":"2023-11-26T22:12:56","slug":"lajm-i-trishte-ndahet-papritur-nga-jeta-nje-tjeter-artist-i-madh-shqiptar","status":"publish","type":"post","link":"https:\/\/new.findnews5.com\/?p=7436","title":{"rendered":"LAJM I TRISHT\u00cb \u2013 Ndahet papritur nga jeta nj\u00eb tjet\u00ebr Artist i Madh Shqiptar\u2026"},"content":{"rendered":"<div class=\"78954ae5fa42b68c1393fe3da4998882\" data-index=\"1\" style=\"float: none; margin:0px 0 0px 0; text-align:center;\">\n<div data-type=\"_mgwidget\" data-widget-id=\"1576712\">\r\n<\/div>\r\n<script>(function(w,q){w[q]=w[q]||[];w[q].push([\"_mgc.load\"])})(window,\"_mgq\");\r\n<\/script>\r\n\n<\/div>\n<p>Thanas Konini nuk jeton m\u00eb. Solisti i k\u00ebng\u00ebs \u201cDua m\u00eb shum\u00eb Shqip\u00ebrin\u00eb\u201d, u nda jeta k\u00ebt\u00eb t\u00eb diel n\u00eb mosh\u00ebn 71-vje\u00e7are, pasi vuante nga nj\u00eb s\u00ebmundje.<\/p>\n<p>Konini ishte pjes\u00ebtar i Korit Lira, prej rinis\u00eb s\u00eb tij. Ai do t\u00eb mbahet mend p\u00ebr interpretimin si solist t\u00eb k\u00ebng\u00ebve \u201cDua m\u00eb shum\u00eb Shqip\u00ebrin\u00eb\u201d dhe \u201cO moj ti me sy t\u00eb zinj\u201d.<\/p>\n<p><img loading=\"lazy\" decoding=\"async\" class=\"alignnone size-medium wp-image-2120\" src=\"http:\/\/findnews5.com\/wp-content\/uploads\/2023\/11\/1-15-300x182.webp\" alt=\"\" width=\"300\" height=\"182\" \/><\/p>\n\n<div style=\"font-size: 0px; height: 0px; line-height: 0px; margin: 0; padding: 0; clear: both;\"><\/div>","protected":false},"excerpt":{"rendered":"<p>Thanas Konini nuk jeton m\u00eb. Solisti i k\u00ebng\u00ebs \u201cDua m\u00eb shum\u00eb Shqip\u00ebrin\u00eb\u201d, u nda jeta k\u00ebt\u00eb t\u00eb diel n\u00eb mosh\u00ebn 71-vje\u00e7are, pasi vuante nga nj\u00eb s\u00ebmundje. Konini&#8230; <\/p>\n","protected":false},"author":1,"featured_media":7437,"comment_status":"open","ping_status":"open","sticky":false,"template":"","format":"standard","meta":{"footnotes":""},"categories":[6],"tags":[],"class_list":["post-7436","post","type-post","status-publish","format-standard","has-post-thumbnail","hentry","category-lajme"],"_links":{"self":[{"href":"https:\/\/new.findnews5.com\/index.php?rest_route=\/wp\/v2\/posts\/7436","targetHints":{"allow":["GET"]}}],"collection":[{"href":"https:\/\/new.findnews5.com\/index.php?rest_route=\/wp\/v2\/posts"}],"about":[{"href":"https:\/\/new.findnews5.com\/index.php?rest_route=\/wp\/v2\/types\/post"}],"author":[{"embeddable":true,"href":"https:\/\/new.findnews5.com\/index.php?rest_route=\/wp\/v2\/users\/1"}],"replies":[{"embeddable":true,"href":"https:\/\/new.findnews5.com\/index.php?rest_route=%2Fwp%2Fv2%2Fcomments&post=7436"}],"version-history":[{"count":0,"href":"https:\/\/new.findnews5.com\/index.php?rest_route=\/wp\/v2\/posts\/7436\/revisions"}],"wp:featuredmedia":[{"embeddable":true,"href":"https:\/\/new.findnews5.com\/index.php?rest_route=\/wp\/v2\/media\/7437"}],"wp:attachment":[{"href":"https:\/\/new.findnews5.com\/index.php?rest_route=%2Fwp%2Fv2%2Fmedia&parent=7436"}],"wp:term":[{"taxonomy":"category","embeddable":true,"href":"https:\/\/new.findnews5.com\/index.php?rest_route=%2Fwp%2Fv2%2Fcategories&post=7436"},{"taxonomy":"post_tag","embeddable":true,"href":"https:\/\/new.findnews5.com\/index.php?rest_route=%2Fwp%2Fv2%2Ftags&post=7436"}],"curies":[{"name":"wp","href":"https:\/\/api.w.org\/{rel}","templated":true}]}}