{"id":7423,"date":"2023-11-26T17:13:50","date_gmt":"2023-11-26T17:13:50","guid":{"rendered":"https:\/\/new.findnews5.com\/?p=7423"},"modified":"2023-11-26T17:13:52","modified_gmt":"2023-11-26T17:13:52","slug":"stuhi-shiu-dhe-reshje-debore-si-parashikohet-moti-per-javen-qe-vjen","status":"publish","type":"post","link":"https:\/\/new.findnews5.com\/?p=7423","title":{"rendered":"Stuhi shiu dhe reshje d\u00ebbore, si parashikohet moti p\u00ebr jav\u00ebn q\u00eb vjen"},"content":{"rendered":"<div class=\"78954ae5fa42b68c1393fe3da4998882\" data-index=\"1\" style=\"float: none; margin:0px 0 0px 0; text-align:center;\">\n<div data-type=\"_mgwidget\" data-widget-id=\"1576712\">\r\n<\/div>\r\n<script>(function(w,q){w[q]=w[q]||[];w[q].push([\"_mgc.load\"])})(window,\"_mgq\");\r\n<\/script>\r\n\n<\/div>\n<p>  Masat ajrore polare dhe frontet e ftoht\u00eb t\u00eb nj\u00ebpasnj\u00ebsh\u00ebm q\u00eb tashm\u00eb kan\u00eb p\u00ebrfshir\u00eb territorin ton\u00eb do t\u00eb na shoq\u00ebrojn\u00eb n\u00eb pjes\u00ebn m\u00eb t\u00eb madhe t\u00eb koh\u00ebs edhe gjat\u00eb jav\u00ebs q\u00eb vjen. Dit\u00ebn e H\u00ebn\u00eb do t\u00eb kemi mot t\u00eb q\u00ebndruesh\u00ebm e t\u00eb kthjell\u00ebt me temperatura t\u00eb ul\u00ebta n\u00eb vlerat minimale.<\/p>\n<p>Dit\u00ebn e Mart\u00eb dhe t\u00eb M\u00ebrkur\u00eb do t\u00eb kemi mot t\u00eb paq\u00ebndruesh\u00ebm me reshje shiu me intensitet mesatar e lokalisht t\u00eb lart\u00eb. Reshjet do t\u00eb jen\u00eb n\u00eb form\u00ebn e rrebesheve t\u00eb shpejta dhe stuhive. Bora do t\u00eb jet\u00eb prezente n\u00eb veri, verilindje dhe juglindje kryesisht me intensitet deri mesatar n\u00eb zon\u00ebn e Bajram Currit, Kuk\u00ebsit, Peshkopis\u00eb dhe Kor\u00e7\u00ebs.<\/p>\n<p>Era do t\u00eb fryj\u00eb nga kuadrati i veriut 2-9m\/s, hera-her\u00ebs n\u00eb bregdet dhe lugina fiton shpejt\u00ebsi 13-25m\/s duke u b\u00ebr\u00eb problematike. Val\u00ebzimi n\u00eb dete do t\u00eb jet\u00eb i forc\u00ebs 2-5 ball\u00eb.<\/p>\n\n<div style=\"font-size: 0px; height: 0px; line-height: 0px; margin: 0; padding: 0; clear: both;\"><\/div>","protected":false},"excerpt":{"rendered":"<p>Masat ajrore polare dhe frontet e ftoht\u00eb t\u00eb nj\u00ebpasnj\u00ebsh\u00ebm q\u00eb tashm\u00eb kan\u00eb p\u00ebrfshir\u00eb territorin ton\u00eb do t\u00eb na shoq\u00ebrojn\u00eb n\u00eb pjes\u00ebn m\u00eb t\u00eb madhe t\u00eb koh\u00ebs edhe&#8230; <\/p>\n","protected":false},"author":1,"featured_media":7424,"comment_status":"open","ping_status":"open","sticky":false,"template":"","format":"standard","meta":{"footnotes":""},"categories":[6],"tags":[],"class_list":["post-7423","post","type-post","status-publish","format-standard","has-post-thumbnail","hentry","category-lajme"],"_links":{"self":[{"href":"https:\/\/new.findnews5.com\/index.php?rest_route=\/wp\/v2\/posts\/7423","targetHints":{"allow":["GET"]}}],"collection":[{"href":"https:\/\/new.findnews5.com\/index.php?rest_route=\/wp\/v2\/posts"}],"about":[{"href":"https:\/\/new.findnews5.com\/index.php?rest_route=\/wp\/v2\/types\/post"}],"author":[{"embeddable":true,"href":"https:\/\/new.findnews5.com\/index.php?rest_route=\/wp\/v2\/users\/1"}],"replies":[{"embeddable":true,"href":"https:\/\/new.findnews5.com\/index.php?rest_route=%2Fwp%2Fv2%2Fcomments&post=7423"}],"version-history":[{"count":0,"href":"https:\/\/new.findnews5.com\/index.php?rest_route=\/wp\/v2\/posts\/7423\/revisions"}],"wp:featuredmedia":[{"embeddable":true,"href":"https:\/\/new.findnews5.com\/index.php?rest_route=\/wp\/v2\/media\/7424"}],"wp:attachment":[{"href":"https:\/\/new.findnews5.com\/index.php?rest_route=%2Fwp%2Fv2%2Fmedia&parent=7423"}],"wp:term":[{"taxonomy":"category","embeddable":true,"href":"https:\/\/new.findnews5.com\/index.php?rest_route=%2Fwp%2Fv2%2Fcategories&post=7423"},{"taxonomy":"post_tag","embeddable":true,"href":"https:\/\/new.findnews5.com\/index.php?rest_route=%2Fwp%2Fv2%2Ftags&post=7423"}],"curies":[{"name":"wp","href":"https:\/\/api.w.org\/{rel}","templated":true}]}}