{"id":7420,"date":"2023-11-26T17:02:24","date_gmt":"2023-11-26T17:02:24","guid":{"rendered":"https:\/\/new.findnews5.com\/?p=7420"},"modified":"2023-11-26T17:02:25","modified_gmt":"2023-11-26T17:02:25","slug":"juli-percjell-zef-deden-me-fjale-te-ndjera-baba-do-jesh-duke-na-ruajtur-nga-lart","status":"publish","type":"post","link":"https:\/\/new.findnews5.com\/?p=7420","title":{"rendered":"Juli p\u00ebrcjell Zef Ded\u00ebn me fjal\u00eb t\u00eb ndjera: Baba do jesh duke na ruajtur nga lart"},"content":{"rendered":"<div class=\"78954ae5fa42b68c1393fe3da4998882\" data-index=\"1\" style=\"float: none; margin:0px 0 0px 0; text-align:center;\">\n<div data-type=\"_mgwidget\" data-widget-id=\"1576712\">\r\n<\/div>\r\n<script>(function(w,q){w[q]=w[q]||[];w[q].push([\"_mgc.load\"])})(window,\"_mgq\");\r\n<\/script>\r\n\n<\/div>\n<p> \u201cKam d\u00ebshir\u00eb me falenderu Zef Ded\u00ebn. Nj\u00eb baba dhe bashk\u00ebshort i jasht\u00ebzakonsh\u00ebm, gjysh i mrekulluesh\u00ebm, aktor shum\u00eb i madh. Nuk e di se sa t\u00eb fokusuar duhet t\u00eb jemi un\u00eb edhe Mario dhe f\u00ebmij\u00ebt tan\u00eb p\u00ebr t\u00eb ruajtur emrin q\u00eb ai ka l\u00ebn\u00eb n\u00eb Shkod\u00ebr dhe Shqip\u00ebri.<\/p>\n<p> Shpresoj t\u2019ia dalim, por besoj se nj\u00eb ndihm\u00eb e madhe do t\u00eb jet\u00eb edhe baba duke na ruajtur nga lart. Me pun\u00ebn e tij, me moralin e tij dhe m\u00ebnyr\u00ebn se si \u00ebsht\u00eb sjell\u00eb n\u00eb jet\u00eb, na e ka b\u00ebr\u00eb jet\u00ebn m\u00eb t\u00eb leht\u00eb. E fal\u00ebnderoj nga zemra. Kam d\u00ebshir\u00eb t\u2019ju fal\u00ebnderoj dhe ju, koleg\u00ebt e bab\u00ebs, p\u00ebr shum\u00eb vite. Keni marr\u00eb dhe keni dh\u00ebn\u00eb me nj\u00ebri-tjetrin.<\/p>\n<p> Jeni nj\u00eb brez q\u00eb keni ruajtur miq\u00ebsin\u00eb me nj\u00ebri-tjetrin, sot nuk \u00ebsht\u00eb m\u00eb kjo. Un\u00eb dua t\u2019ju k\u00ebrkoj meqen\u00ebse sot \u00ebsht\u00eb p\u00ebr her\u00eb t\u00eb fundit n\u00eb teatrin \u2018Migjeni\u2019 nj\u00eb duartrokitje\u201d, u shpreh Julian Deda.<\/p>\n\n<div style=\"font-size: 0px; height: 0px; line-height: 0px; margin: 0; padding: 0; clear: both;\"><\/div>","protected":false},"excerpt":{"rendered":"<p>\u201cKam d\u00ebshir\u00eb me falenderu Zef Ded\u00ebn. Nj\u00eb baba dhe bashk\u00ebshort i jasht\u00ebzakonsh\u00ebm, gjysh i mrekulluesh\u00ebm, aktor shum\u00eb i madh. Nuk e di se sa t\u00eb fokusuar duhet&#8230; <\/p>\n","protected":false},"author":1,"featured_media":7421,"comment_status":"open","ping_status":"open","sticky":false,"template":"","format":"standard","meta":{"footnotes":""},"categories":[6],"tags":[],"class_list":["post-7420","post","type-post","status-publish","format-standard","has-post-thumbnail","hentry","category-lajme"],"_links":{"self":[{"href":"https:\/\/new.findnews5.com\/index.php?rest_route=\/wp\/v2\/posts\/7420","targetHints":{"allow":["GET"]}}],"collection":[{"href":"https:\/\/new.findnews5.com\/index.php?rest_route=\/wp\/v2\/posts"}],"about":[{"href":"https:\/\/new.findnews5.com\/index.php?rest_route=\/wp\/v2\/types\/post"}],"author":[{"embeddable":true,"href":"https:\/\/new.findnews5.com\/index.php?rest_route=\/wp\/v2\/users\/1"}],"replies":[{"embeddable":true,"href":"https:\/\/new.findnews5.com\/index.php?rest_route=%2Fwp%2Fv2%2Fcomments&post=7420"}],"version-history":[{"count":0,"href":"https:\/\/new.findnews5.com\/index.php?rest_route=\/wp\/v2\/posts\/7420\/revisions"}],"wp:featuredmedia":[{"embeddable":true,"href":"https:\/\/new.findnews5.com\/index.php?rest_route=\/wp\/v2\/media\/7421"}],"wp:attachment":[{"href":"https:\/\/new.findnews5.com\/index.php?rest_route=%2Fwp%2Fv2%2Fmedia&parent=7420"}],"wp:term":[{"taxonomy":"category","embeddable":true,"href":"https:\/\/new.findnews5.com\/index.php?rest_route=%2Fwp%2Fv2%2Fcategories&post=7420"},{"taxonomy":"post_tag","embeddable":true,"href":"https:\/\/new.findnews5.com\/index.php?rest_route=%2Fwp%2Fv2%2Ftags&post=7420"}],"curies":[{"name":"wp","href":"https:\/\/api.w.org\/{rel}","templated":true}]}}