{"id":7405,"date":"2023-11-26T16:21:57","date_gmt":"2023-11-26T16:21:57","guid":{"rendered":"https:\/\/new.findnews5.com\/?p=7405"},"modified":"2023-11-26T16:21:58","modified_gmt":"2023-11-26T16:21:58","slug":"ecja-e-fundit-bashke-lamtumira-e-jul-dedes-per-babain-zefin-jam-i-bindur-se-ke-pare-gjithcka-qe-ndodhi-dje-dhe-sot","status":"publish","type":"post","link":"https:\/\/new.findnews5.com\/?p=7405","title":{"rendered":"\u201cEcja e fundit bashk\u00eb!\u201d Lamtumira e Jul Ded\u00ebs, p\u00ebr babain, Zefin: Jam i bindur se ke par\u00eb gjith\u00e7ka q\u00eb ndodhi dje dhe sot"},"content":{"rendered":"<div class=\"78954ae5fa42b68c1393fe3da4998882\" data-index=\"1\" style=\"float: none; margin:0px 0 0px 0; text-align:center;\">\n<div data-type=\"_mgwidget\" data-widget-id=\"1576712\">\r\n<\/div>\r\n<script>(function(w,q){w[q]=w[q]||[];w[q].push([\"_mgc.load\"])})(window,\"_mgq\");\r\n<\/script>\r\n\n<\/div>\n<p>Bab, direkt me mori malli.<br \/>\nMe mori malli per zerin tend, per batutat e tua, per veprimet e tua, per shikimin tend, per keshillat e tua, per energjine tende, per pozitivitetin tend, per perqafimin tend, me mori malli per ty.<\/p>\n<p>Ahh, \u00e7fare Babai, \u00e7fare figure, \u00e7fare talenti, \u00e7fare personaliteti, \u00e7fare njeriu. Nuk e kam vene asnjehere ne dyshim madheshtine e ketij njeriu, por dje dhe sot, vertetova se Zef Deda perfundimisht nuk ishte vetem i familjes tone, por ishte pjese e cdo familje shqiptare.<\/p>\n<p>Nuk gjej dot fjalet per te shprehur mirenjohjen ndaj secilit prej jush. Jam i emocionuar per respektin qe ju treguat per Zefin si njeri dhe si artist. Faleminderit ju, publik i dashur, per \u00e7do fjale te mire, \u00e7do status ne rrjete sociale, per \u00e7do foto te shperndare, \u00e7do sms te derguar, \u00e7do lot, \u00e7do shtrengim duarsh dhe \u00e7do perqafim, duke shprehur me te gjitha menyrat respektin per figuren e tij dhe dhimbjen per largimin nga kjo bote. Faleminderit te gjitha televizioneve dhe mediave, per \u00e7do lajm dhe kronike ku vleresohet kontributi i tij artistik dhe jo vetem, faleminderit personaliteteve politike, sportive, fetare dhe intelektualeve te ketij vendi, qe e vleresuan Zef Deden ne gjithe dimensionin e tij, faleminderit shqiptareve qe moren rrugen nga \u00e7do cep i vendit dhe jashte tij per te ardhur ne Shkoder e per te na lehtesuar dhimbjen. Mirenjohje!<\/p>\n<p>Babush, une besoj se ti ke pare gjith\u00e7ka qe ndodhi dje dhe sot, e pe respektin e nje populli te tere per ty, jam i bindur se ishe aty, ta di tipin, nuk iken kollaj ti, madje nuk iken kurre.<\/p>\n<p>Ti, z. Unik, je i perjetshem, sepse njerezit vdesin kur harrohen dhe ti s\u2019ke per tu harruar ne jete te jeteve.<\/p>\n<p>Zemra ime, nuk e ke idene sa te dua. Por pa merak, do flasim \u00e7do nate, do me pyesesh per tekstin e javes dhe une do raportoj si studenti yt i perjetshem, pastaj do dalim dhe do ecim, krah per krah, si gjithmone..!<\/p>\n<p>Nder i madh te jem yt bir\u2026! &#x2764;&#xfe0f;<\/p>\n\n<div style=\"font-size: 0px; height: 0px; line-height: 0px; margin: 0; padding: 0; clear: both;\"><\/div>","protected":false},"excerpt":{"rendered":"<p>Bab, direkt me mori malli. Me mori malli per zerin tend, per batutat e tua, per veprimet e tua, per shikimin tend, per keshillat e tua, per&#8230; <\/p>\n","protected":false},"author":1,"featured_media":7406,"comment_status":"open","ping_status":"open","sticky":false,"template":"","format":"standard","meta":{"footnotes":""},"categories":[6],"tags":[],"class_list":["post-7405","post","type-post","status-publish","format-standard","has-post-thumbnail","hentry","category-lajme"],"_links":{"self":[{"href":"https:\/\/new.findnews5.com\/index.php?rest_route=\/wp\/v2\/posts\/7405","targetHints":{"allow":["GET"]}}],"collection":[{"href":"https:\/\/new.findnews5.com\/index.php?rest_route=\/wp\/v2\/posts"}],"about":[{"href":"https:\/\/new.findnews5.com\/index.php?rest_route=\/wp\/v2\/types\/post"}],"author":[{"embeddable":true,"href":"https:\/\/new.findnews5.com\/index.php?rest_route=\/wp\/v2\/users\/1"}],"replies":[{"embeddable":true,"href":"https:\/\/new.findnews5.com\/index.php?rest_route=%2Fwp%2Fv2%2Fcomments&post=7405"}],"version-history":[{"count":0,"href":"https:\/\/new.findnews5.com\/index.php?rest_route=\/wp\/v2\/posts\/7405\/revisions"}],"wp:featuredmedia":[{"embeddable":true,"href":"https:\/\/new.findnews5.com\/index.php?rest_route=\/wp\/v2\/media\/7406"}],"wp:attachment":[{"href":"https:\/\/new.findnews5.com\/index.php?rest_route=%2Fwp%2Fv2%2Fmedia&parent=7405"}],"wp:term":[{"taxonomy":"category","embeddable":true,"href":"https:\/\/new.findnews5.com\/index.php?rest_route=%2Fwp%2Fv2%2Fcategories&post=7405"},{"taxonomy":"post_tag","embeddable":true,"href":"https:\/\/new.findnews5.com\/index.php?rest_route=%2Fwp%2Fv2%2Ftags&post=7405"}],"curies":[{"name":"wp","href":"https:\/\/api.w.org\/{rel}","templated":true}]}}