{"id":7392,"date":"2023-11-26T12:03:10","date_gmt":"2023-11-26T12:03:10","guid":{"rendered":"https:\/\/new.findnews5.com\/?p=7392"},"modified":"2023-11-26T12:03:12","modified_gmt":"2023-11-26T12:03:12","slug":"doli-ne-pergjimet-e-sky-ecc-hetimi-i-spak-zbuloi-milionat-qe-deklaronte-elvana-gjata-si-u-rriten-te-ardhurat-e-kompanise-se-saj","status":"publish","type":"post","link":"https:\/\/new.findnews5.com\/?p=7392","title":{"rendered":"Doli n\u00eb p\u00ebrgjimet e Sky ECC, hetimi i SPAK zbuloi milionat q\u00eb deklaronte Elvana Gjata: Si u rrit\u00ebn t\u00eb ardhurat e kompanis\u00eb s\u00eb saj"},"content":{"rendered":"<div class=\"78954ae5fa42b68c1393fe3da4998882\" data-index=\"1\" style=\"float: none; margin:0px 0 0px 0; text-align:center;\">\n<div data-type=\"_mgwidget\" data-widget-id=\"1576712\">\r\n<\/div>\r\n<script>(function(w,q){w[q]=w[q]||[];w[q].push([\"_mgc.load\"])})(window,\"_mgq\");\r\n<\/script>\r\n\n<\/div>\n<p> Pas zbardhjes s\u00eb dosjes s\u00eb grupit kriminal t\u00eb trafikut t\u00eb drog\u00ebs, ku jan\u00eb t\u00eb p\u00ebrfshir\u00eb disa zyrtar\u00eb dhe ish zyrtar\u00eb policie, mes t\u00eb cil\u00ebve edhe Erzen Bre\u00e7ani i cili ra n\u00eb prangat e policis\u00eb. Nd\u00ebrsa i biri dhe Ervin Mata jan\u00eb shpallur n\u00eb k\u00ebrkim, n\u00eb p\u00ebrgjimet e Sky Ecc, u shfaq edhe emri i k\u00ebng\u00ebtares s\u00eb njohur Elvana Gjata.<\/p>\n<p>K\u00ebng\u00ebtarja mesa duket ka v\u00ebn\u00eb n\u00eb dispozicion t\u00eb Ervin Mat\u00ebs edhe llogarin\u00eb bankare. Menj\u00ebher\u00eb pas k\u00ebsaj ngjarjeje, SPAK ka nisur nj\u00eb hetim pasuror p\u00ebr k\u00ebng\u00ebtaren e njohur, Elvana Gjata, pasi emri i saj u p\u00ebrmend n\u00eb p\u00ebrgjimet e Sky Ecc, t\u00eb cil\u00ebt \u00e7uan n\u00eb burg zyrtar\u00eb dhe ish-zyrtar\u00eb t\u00eb shtetit.<\/p>\n<p>Sipas komunikimeve n\u00eb aplikacionin \u201cSKY\u201d mes Mat\u00ebs dhe Bre\u00e7anit, i ka th\u00ebn\u00eb se \u201cdo t\u2019i d\u00ebrgoj\u00eb 500 mij\u00eb euro p\u00ebrmes llogaris\u00eb s\u00eb Elvan\u00ebs\u201d.<\/p>\n<p>N\u00eb databaz\u00ebn e \u201cOpenCorporates\u201d rezulton se Elvana Gjata ka t\u00eb regjistruar n\u00eb QKR kompanin\u00eb me em\u00ebr EMM ku si administrator rezulton Jonisa Byty\u00e7i.<\/p>\n\n<div style=\"font-size: 0px; height: 0px; line-height: 0px; margin: 0; padding: 0; clear: both;\"><\/div>","protected":false},"excerpt":{"rendered":"<p>Pas zbardhjes s\u00eb dosjes s\u00eb grupit kriminal t\u00eb trafikut t\u00eb drog\u00ebs, ku jan\u00eb t\u00eb p\u00ebrfshir\u00eb disa zyrtar\u00eb dhe ish zyrtar\u00eb policie, mes t\u00eb cil\u00ebve edhe Erzen Bre\u00e7ani&#8230; <\/p>\n","protected":false},"author":1,"featured_media":7393,"comment_status":"open","ping_status":"open","sticky":false,"template":"","format":"standard","meta":{"footnotes":""},"categories":[6],"tags":[],"class_list":["post-7392","post","type-post","status-publish","format-standard","has-post-thumbnail","hentry","category-lajme"],"_links":{"self":[{"href":"https:\/\/new.findnews5.com\/index.php?rest_route=\/wp\/v2\/posts\/7392","targetHints":{"allow":["GET"]}}],"collection":[{"href":"https:\/\/new.findnews5.com\/index.php?rest_route=\/wp\/v2\/posts"}],"about":[{"href":"https:\/\/new.findnews5.com\/index.php?rest_route=\/wp\/v2\/types\/post"}],"author":[{"embeddable":true,"href":"https:\/\/new.findnews5.com\/index.php?rest_route=\/wp\/v2\/users\/1"}],"replies":[{"embeddable":true,"href":"https:\/\/new.findnews5.com\/index.php?rest_route=%2Fwp%2Fv2%2Fcomments&post=7392"}],"version-history":[{"count":0,"href":"https:\/\/new.findnews5.com\/index.php?rest_route=\/wp\/v2\/posts\/7392\/revisions"}],"wp:featuredmedia":[{"embeddable":true,"href":"https:\/\/new.findnews5.com\/index.php?rest_route=\/wp\/v2\/media\/7393"}],"wp:attachment":[{"href":"https:\/\/new.findnews5.com\/index.php?rest_route=%2Fwp%2Fv2%2Fmedia&parent=7392"}],"wp:term":[{"taxonomy":"category","embeddable":true,"href":"https:\/\/new.findnews5.com\/index.php?rest_route=%2Fwp%2Fv2%2Fcategories&post=7392"},{"taxonomy":"post_tag","embeddable":true,"href":"https:\/\/new.findnews5.com\/index.php?rest_route=%2Fwp%2Fv2%2Ftags&post=7392"}],"curies":[{"name":"wp","href":"https:\/\/api.w.org\/{rel}","templated":true}]}}