{"id":7388,"date":"2023-11-26T01:02:31","date_gmt":"2023-11-26T01:02:31","guid":{"rendered":"https:\/\/new.findnews5.com\/?p=7388"},"modified":"2023-11-26T01:02:32","modified_gmt":"2023-11-26T01:02:32","slug":"nuk-vjen-me-ne-shqiperi-zef-deda-cekja-i-beratit-shperthen-ne-lot","status":"publish","type":"post","link":"https:\/\/new.findnews5.com\/?p=7388","title":{"rendered":"\u201cNuk vjen m\u00eb n\u00eb Shqip\u00ebri Zef Deda\u201d- Cekja i Beratit shp\u00ebrthen n\u00eb lot"},"content":{"rendered":"<div class=\"78954ae5fa42b68c1393fe3da4998882\" data-index=\"1\" style=\"float: none; margin:0px 0 0px 0; text-align:center;\">\n<div data-type=\"_mgwidget\" data-widget-id=\"1576712\">\r\n<\/div>\r\n<script>(function(w,q){w[q]=w[q]||[];w[q].push([\"_mgc.load\"])})(window,\"_mgq\");\r\n<\/script>\r\n\n<\/div>\n<p>Cekja i Beratit \u00ebsht\u00eb nj\u00eb nga aktor\u00ebt e humorit, i cili ka shprehur ngush\u00ebllime p\u00ebr ndarjen nga jeta t\u00eb Zef Ded\u00ebs. N\u00eb nj\u00eb prononcim p\u00ebr News24, Sejfulla Myftari thot\u00eb se me Zef Ded\u00ebn ka shum\u00eb kujtime t\u00eb bukura, nd\u00ebrsa thot\u00eb se \u201cnuk vjen m\u00eb nj\u00eb aktor si Zef Deda\u201d. <\/p>\n<p>Mes lot\u00ebsh ai kujton edhe momentet me te bukura qe kane kaluar se bashku ne skene.<\/p>\n<p>\u201cKam kujtime t\u00eb mrekullueshme, e kam pasur shum\u00eb shok dhe mik. \u00cbsht\u00eb humbje e madhe p\u00ebr humorin shqiptar. M\u00eb vjen shum\u00eb keq, nuk mundet t\u00eb flas dot m\u00eb!Q\u00eb n\u00eb vitin \u201873 njiheshim bashk\u00eb, kemi qen\u00eb shok\u00eb!<\/p>\n<p>Kujtoj ato q\u00eb kemi luajtur. Kur u liruam nga ushtria kemi pasur hyrje dalje, ishte aktor i mrekulluesh\u00ebm. E dija q\u00eb ishte i s\u00ebmur\u00eb, por jo q\u00eb ishte n\u00eb k\u00ebt\u00eb gjendje. Nj\u00eb humbje e madhe p\u00ebr humorin shqiptar, nj\u00eb aktor i mrekulluesh\u00ebm. Nuk vjen m\u00eb Zef Deda n\u00eb Shqip\u00ebri\u201d, shprehet Cekja.<\/p>\n\n<div style=\"font-size: 0px; height: 0px; line-height: 0px; margin: 0; padding: 0; clear: both;\"><\/div>","protected":false},"excerpt":{"rendered":"<p>Cekja i Beratit \u00ebsht\u00eb nj\u00eb nga aktor\u00ebt e humorit, i cili ka shprehur ngush\u00ebllime p\u00ebr ndarjen nga jeta t\u00eb Zef Ded\u00ebs. N\u00eb nj\u00eb prononcim p\u00ebr News24, Sejfulla&#8230; <\/p>\n","protected":false},"author":1,"featured_media":7389,"comment_status":"open","ping_status":"open","sticky":false,"template":"","format":"standard","meta":{"footnotes":""},"categories":[6],"tags":[],"class_list":["post-7388","post","type-post","status-publish","format-standard","has-post-thumbnail","hentry","category-lajme"],"_links":{"self":[{"href":"https:\/\/new.findnews5.com\/index.php?rest_route=\/wp\/v2\/posts\/7388","targetHints":{"allow":["GET"]}}],"collection":[{"href":"https:\/\/new.findnews5.com\/index.php?rest_route=\/wp\/v2\/posts"}],"about":[{"href":"https:\/\/new.findnews5.com\/index.php?rest_route=\/wp\/v2\/types\/post"}],"author":[{"embeddable":true,"href":"https:\/\/new.findnews5.com\/index.php?rest_route=\/wp\/v2\/users\/1"}],"replies":[{"embeddable":true,"href":"https:\/\/new.findnews5.com\/index.php?rest_route=%2Fwp%2Fv2%2Fcomments&post=7388"}],"version-history":[{"count":0,"href":"https:\/\/new.findnews5.com\/index.php?rest_route=\/wp\/v2\/posts\/7388\/revisions"}],"wp:featuredmedia":[{"embeddable":true,"href":"https:\/\/new.findnews5.com\/index.php?rest_route=\/wp\/v2\/media\/7389"}],"wp:attachment":[{"href":"https:\/\/new.findnews5.com\/index.php?rest_route=%2Fwp%2Fv2%2Fmedia&parent=7388"}],"wp:term":[{"taxonomy":"category","embeddable":true,"href":"https:\/\/new.findnews5.com\/index.php?rest_route=%2Fwp%2Fv2%2Fcategories&post=7388"},{"taxonomy":"post_tag","embeddable":true,"href":"https:\/\/new.findnews5.com\/index.php?rest_route=%2Fwp%2Fv2%2Ftags&post=7388"}],"curies":[{"name":"wp","href":"https:\/\/api.w.org\/{rel}","templated":true}]}}