{"id":7385,"date":"2023-11-26T00:58:40","date_gmt":"2023-11-26T00:58:40","guid":{"rendered":"https:\/\/new.findnews5.com\/?p=7385"},"modified":"2023-11-26T00:58:42","modified_gmt":"2023-11-26T00:58:42","slug":"kengetarja-shqiptare-kapet-keq-me-edi-ramen-haram-te-qofte-vota-ime","status":"publish","type":"post","link":"https:\/\/new.findnews5.com\/?p=7385","title":{"rendered":"K\u00ebng\u00ebtarja shqiptare kapet keq me Edi Ram\u00ebn: Haram t\u00eb qoft\u00eb vota ime"},"content":{"rendered":"<div class=\"78954ae5fa42b68c1393fe3da4998882\" data-index=\"1\" style=\"float: none; margin:0px 0 0px 0; text-align:center;\">\n<div data-type=\"_mgwidget\" data-widget-id=\"1576712\">\r\n<\/div>\r\n<script>(function(w,q){w[q]=w[q]||[];w[q].push([\"_mgc.load\"])})(window,\"_mgq\");\r\n<\/script>\r\n\n<\/div>\n<p>Blerina Balili \u00ebsht\u00eb nj\u00eb nga k\u00ebng\u00ebtaret t\u00eb t\u00eb njohura t\u00eb muzik\u00ebs s\u00eb jugut, q\u00eb num\u00ebron shum\u00eb k\u00ebng\u00eb dhe mbi t\u00eb gjitha e gjen kudo n\u00eb koncerte ku ka shqiptar\u00eb, sidomos n\u00eb diaspor\u00eb.<\/p>\n<p>E ftuar n\u00eb \u201cAbc e Pasdites\u201d me Ermal Pe\u00e7i tregoi disa pjes\u00eb t\u00eb panjohura m\u00eb par\u00eb t\u00eb jet\u00ebs s\u00eb saj, qoft\u00eb kur ka jetuar n\u00eb Greqi, dhe momentin kur vendosi t\u00eb kthehej n\u00eb Shqip\u00ebri. Pik\u00ebrisht p\u00ebr k\u00ebt\u00eb moment ajo n\u00ebnvizoi se n\u00eb fillim \u00ebsht\u00eb paragjykuar nga shqiptar\u00ebt pasi nuk dinte shum\u00eb mir\u00eb shqip, nd\u00ebrsa fliste edhe greqisht.<\/p>\n<p>\u201cKur kam ardhur n\u00eb Shqip\u00ebri n\u00eb 2008, erdha si \u00e7do emigrant p\u00ebr t\u00eb b\u00ebr\u00eb disa pun\u00eb t\u00eb miat, p\u00ebr t\u00eb b\u00ebr\u00eb dh\u00ebmb\u00ebt. Nuk dija pik\u00eb fjale shqip, dija vet\u00ebm greqisht\u2026 fjal\u00ebn e par\u00eb q\u00eb kam d\u00ebgjuar kur kam k\u00ebrkuar nj\u00eb kafe, kur zbrit\u00ebm nga autobusi. I k\u00ebrkova nj\u00eb kafe si n\u00eb Greqi, nj\u00eb \u201cneskafe\u201d,\u2018ohoh Ki\u00e7o \u00e7\u2019e paske n\u00eb terezi, pi k\u00ebt\u00eb turken dhe ik p\u00ebr ku je nisur dhe l\u00ebri llafet e shumta\u2019.<\/p>\n\n<div style=\"font-size: 0px; height: 0px; line-height: 0px; margin: 0; padding: 0; clear: both;\"><\/div>","protected":false},"excerpt":{"rendered":"<p>Blerina Balili \u00ebsht\u00eb nj\u00eb nga k\u00ebng\u00ebtaret t\u00eb t\u00eb njohura t\u00eb muzik\u00ebs s\u00eb jugut, q\u00eb num\u00ebron shum\u00eb k\u00ebng\u00eb dhe mbi t\u00eb gjitha e gjen kudo n\u00eb koncerte ku&#8230; <\/p>\n","protected":false},"author":1,"featured_media":7386,"comment_status":"open","ping_status":"open","sticky":false,"template":"","format":"standard","meta":{"footnotes":""},"categories":[6],"tags":[],"class_list":["post-7385","post","type-post","status-publish","format-standard","has-post-thumbnail","hentry","category-lajme"],"_links":{"self":[{"href":"https:\/\/new.findnews5.com\/index.php?rest_route=\/wp\/v2\/posts\/7385","targetHints":{"allow":["GET"]}}],"collection":[{"href":"https:\/\/new.findnews5.com\/index.php?rest_route=\/wp\/v2\/posts"}],"about":[{"href":"https:\/\/new.findnews5.com\/index.php?rest_route=\/wp\/v2\/types\/post"}],"author":[{"embeddable":true,"href":"https:\/\/new.findnews5.com\/index.php?rest_route=\/wp\/v2\/users\/1"}],"replies":[{"embeddable":true,"href":"https:\/\/new.findnews5.com\/index.php?rest_route=%2Fwp%2Fv2%2Fcomments&post=7385"}],"version-history":[{"count":0,"href":"https:\/\/new.findnews5.com\/index.php?rest_route=\/wp\/v2\/posts\/7385\/revisions"}],"wp:featuredmedia":[{"embeddable":true,"href":"https:\/\/new.findnews5.com\/index.php?rest_route=\/wp\/v2\/media\/7386"}],"wp:attachment":[{"href":"https:\/\/new.findnews5.com\/index.php?rest_route=%2Fwp%2Fv2%2Fmedia&parent=7385"}],"wp:term":[{"taxonomy":"category","embeddable":true,"href":"https:\/\/new.findnews5.com\/index.php?rest_route=%2Fwp%2Fv2%2Fcategories&post=7385"},{"taxonomy":"post_tag","embeddable":true,"href":"https:\/\/new.findnews5.com\/index.php?rest_route=%2Fwp%2Fv2%2Ftags&post=7385"}],"curies":[{"name":"wp","href":"https:\/\/api.w.org\/{rel}","templated":true}]}}