{"id":7369,"date":"2023-11-26T00:31:30","date_gmt":"2023-11-26T00:31:30","guid":{"rendered":"https:\/\/new.findnews5.com\/?p=7369"},"modified":"2023-11-26T00:31:31","modified_gmt":"2023-11-26T00:31:31","slug":"ilir-meta-nen-hetim-pasuror-arrestohet-brenda-muajt-nentor","status":"publish","type":"post","link":"https:\/\/new.findnews5.com\/?p=7369","title":{"rendered":"&#8220;Ilir Meta n\u00ebn hetim pasuror, arrestohet brenda muajt n\u00ebntor&#8221;"},"content":{"rendered":"<div class=\"78954ae5fa42b68c1393fe3da4998882\" data-index=\"1\" style=\"float: none; margin:0px 0 0px 0; text-align:center;\">\n<div data-type=\"_mgwidget\" data-widget-id=\"1576712\">\r\n<\/div>\r\n<script>(function(w,q){w[q]=w[q]||[];w[q].push([\"_mgc.load\"])})(window,\"_mgq\");\r\n<\/script>\r\n\n<\/div>\n<p>Gazetari Poli Hoxha tha se Ilir Met\u00ebs i \u00ebsht\u00eb ushtruar nj\u00eb hetim pasuror. I ftuar n\u00eb emisionin \u2018Pa Protokoll\u2019, Hoxha u shpreh se edhe Met\u00ebs do t\u2019i vendoset mas\u00eb sigurie, nd\u00ebrsa si \u2018afat\u2019 vendosi muajin n\u00ebntor. Sipas tij, Meta \u00ebsht\u00eb n\u00eb pozit\u00eb m\u00eb t\u00eb v\u00ebshtir\u00eb se Berisha.<\/p>\n<p>\u201cMeta e ka pun\u00ebn edhe m\u00eb v\u00ebshtir\u00eb se zoti Berisha. \u00cbsht\u00eb shum\u00eb m\u00eb e fort\u00eb, m\u00eb e kositur. \u00cbsht\u00eb jasht\u00ebzakonisht e kopsitur. Shum\u00eb e r\u00ebnd\u00eb si dosje. Ka bashk\u00ebpun\u00ebtor\u00eb t\u00eb dor\u00ebs s\u00eb par\u00eb q\u00eb nuk i mohon dot. 28 n\u00ebntori do jet\u00eb si k\u00ebshtu\u2026, n\u00ebntori i tret\u00eb, deri at\u00ebher\u00eb\u2026<\/p>\n<p>Meta \u00ebsht\u00eb i parap\u00ebrgatitur, \u00ebsht\u00eb edhe \u00e7\u00ebshtja e lobimit. Zoti Meta i \u00ebsht\u00eb b\u00ebr\u00eb nj\u00eb hetim i thell\u00eb pasuror, jo vet\u00ebm k\u00ebtu, por edhe jasht\u00eb vendit. Do ket\u00eb mas\u00eb deri n\u00eb k\u00ebt\u00eb afat q\u00eb vendos\u00ebt? Patjet\u00ebr q\u00eb do ket\u00eb mas\u00eb\u201d, tha Poli Hoxha.<\/p>\n\n<div style=\"font-size: 0px; height: 0px; line-height: 0px; margin: 0; padding: 0; clear: both;\"><\/div>","protected":false},"excerpt":{"rendered":"<p>Gazetari Poli Hoxha tha se Ilir Met\u00ebs i \u00ebsht\u00eb ushtruar nj\u00eb hetim pasuror. I ftuar n\u00eb emisionin \u2018Pa Protokoll\u2019, Hoxha u shpreh se edhe Met\u00ebs do t\u2019i&#8230; <\/p>\n","protected":false},"author":1,"featured_media":7370,"comment_status":"open","ping_status":"open","sticky":false,"template":"","format":"standard","meta":{"footnotes":""},"categories":[6],"tags":[],"class_list":["post-7369","post","type-post","status-publish","format-standard","has-post-thumbnail","hentry","category-lajme"],"_links":{"self":[{"href":"https:\/\/new.findnews5.com\/index.php?rest_route=\/wp\/v2\/posts\/7369","targetHints":{"allow":["GET"]}}],"collection":[{"href":"https:\/\/new.findnews5.com\/index.php?rest_route=\/wp\/v2\/posts"}],"about":[{"href":"https:\/\/new.findnews5.com\/index.php?rest_route=\/wp\/v2\/types\/post"}],"author":[{"embeddable":true,"href":"https:\/\/new.findnews5.com\/index.php?rest_route=\/wp\/v2\/users\/1"}],"replies":[{"embeddable":true,"href":"https:\/\/new.findnews5.com\/index.php?rest_route=%2Fwp%2Fv2%2Fcomments&post=7369"}],"version-history":[{"count":0,"href":"https:\/\/new.findnews5.com\/index.php?rest_route=\/wp\/v2\/posts\/7369\/revisions"}],"wp:featuredmedia":[{"embeddable":true,"href":"https:\/\/new.findnews5.com\/index.php?rest_route=\/wp\/v2\/media\/7370"}],"wp:attachment":[{"href":"https:\/\/new.findnews5.com\/index.php?rest_route=%2Fwp%2Fv2%2Fmedia&parent=7369"}],"wp:term":[{"taxonomy":"category","embeddable":true,"href":"https:\/\/new.findnews5.com\/index.php?rest_route=%2Fwp%2Fv2%2Fcategories&post=7369"},{"taxonomy":"post_tag","embeddable":true,"href":"https:\/\/new.findnews5.com\/index.php?rest_route=%2Fwp%2Fv2%2Ftags&post=7369"}],"curies":[{"name":"wp","href":"https:\/\/api.w.org\/{rel}","templated":true}]}}