{"id":7360,"date":"2023-11-26T00:05:52","date_gmt":"2023-11-26T00:05:52","guid":{"rendered":"https:\/\/new.findnews5.com\/?p=7360"},"modified":"2023-11-26T00:05:53","modified_gmt":"2023-11-26T00:05:53","slug":"ilir-meta-kercenon-prokurorin-qe-pritet-ta-arrestoje-kujdes-se-ke-familje-dhe-te-aferm","status":"publish","type":"post","link":"https:\/\/new.findnews5.com\/?p=7360","title":{"rendered":"Ilir Meta k\u00ebrc\u00ebnon prokurorin q\u00eb pritet ta arrestoj\u00eb: Kujdes se ke familje dhe t\u00eb af\u00ebrm"},"content":{"rendered":"<div class=\"78954ae5fa42b68c1393fe3da4998882\" data-index=\"1\" style=\"float: none; margin:0px 0 0px 0; text-align:center;\">\n<div data-type=\"_mgwidget\" data-widget-id=\"1576712\">\r\n<\/div>\r\n<script>(function(w,q){w[q]=w[q]||[];w[q].push([\"_mgc.load\"])})(window,\"_mgq\");\r\n<\/script>\r\n\n<\/div>\n<p> Publiku nuk di gjith\u00e7ka q\u00eb ndodh prapa skene me drejt\u00ebsin\u00eb e re dhe ve\u00e7an\u00ebrisht, me prokuror\u00ebt e SPAK dhe Gjyqtar\u00ebt e GJKKO. Personat q\u00eb ata po hetojn\u00eb si pjes\u00eb e krimit t\u00eb organizuar dhe eksponent\u00eb nga politika e lart\u00eb e tranzicionit korruptiv, p\u00ebr mbi 30 vite e kan\u00eb pasur n\u00eb xhep drejt\u00ebsin\u00eb.<\/p>\n<p>Sot q\u00eb rrezikojn\u00eb jo vet\u00ebm burgun, por edhe sekuestrimin e pasuris\u00eb marramend\u00ebse q\u00eb kan\u00eb v\u00ebn\u00eb duke grabitur shqiptar\u00ebt n\u00ebp\u00ebrmjet pushtetit q\u00eb ata u dhan\u00eb me bujari, po tentojn\u00eb me t\u00eb gjitha m\u00ebnyrat p\u00ebr t\u00eb shp\u00ebtuar veten, familjar\u00ebt, bashk\u00ebpun\u00ebtor\u00ebt dhe pla\u00e7k\u00ebn e vjedhur k\u00ebto 3 dekada, e cila shkon disa dhjetra miliard euro.<\/p>\n<p>Alarmi i fundit q\u00eb ngriti KLGJ dhe KLP, u nd\u00ebrlidh m\u00eb s\u00eb shumti me fushat\u00ebn e paprecedent\u00eb t\u00eb koh\u00ebve t\u00eb fundit t\u00eb Sali Berish\u00ebs, (Pas masave t\u00eb siguris\u00eb), kund\u00ebr SPAK dhe gjyqtar\u00ebve q\u00eb kan\u00eb n\u00eb dor\u00eb \u00e7\u00ebshtjen e tij dhe t\u00eb dh\u00ebndrit Jamarb\u00ebr Malltezi, por kreu i Rithemelimit nuk \u00ebsht\u00eb i vetmi \u201cpeshk i madh\u201d q\u00eb ka llogari t\u00eb hapura me drejt\u00ebsin\u00eb e re.<\/p>\n\n<div style=\"font-size: 0px; height: 0px; line-height: 0px; margin: 0; padding: 0; clear: both;\"><\/div>","protected":false},"excerpt":{"rendered":"<p>Publiku nuk di gjith\u00e7ka q\u00eb ndodh prapa skene me drejt\u00ebsin\u00eb e re dhe ve\u00e7an\u00ebrisht, me prokuror\u00ebt e SPAK dhe Gjyqtar\u00ebt e GJKKO. Personat q\u00eb ata po hetojn\u00eb&#8230; <\/p>\n","protected":false},"author":1,"featured_media":7361,"comment_status":"open","ping_status":"open","sticky":false,"template":"","format":"standard","meta":{"footnotes":""},"categories":[6],"tags":[],"class_list":["post-7360","post","type-post","status-publish","format-standard","has-post-thumbnail","hentry","category-lajme"],"_links":{"self":[{"href":"https:\/\/new.findnews5.com\/index.php?rest_route=\/wp\/v2\/posts\/7360","targetHints":{"allow":["GET"]}}],"collection":[{"href":"https:\/\/new.findnews5.com\/index.php?rest_route=\/wp\/v2\/posts"}],"about":[{"href":"https:\/\/new.findnews5.com\/index.php?rest_route=\/wp\/v2\/types\/post"}],"author":[{"embeddable":true,"href":"https:\/\/new.findnews5.com\/index.php?rest_route=\/wp\/v2\/users\/1"}],"replies":[{"embeddable":true,"href":"https:\/\/new.findnews5.com\/index.php?rest_route=%2Fwp%2Fv2%2Fcomments&post=7360"}],"version-history":[{"count":0,"href":"https:\/\/new.findnews5.com\/index.php?rest_route=\/wp\/v2\/posts\/7360\/revisions"}],"wp:featuredmedia":[{"embeddable":true,"href":"https:\/\/new.findnews5.com\/index.php?rest_route=\/wp\/v2\/media\/7361"}],"wp:attachment":[{"href":"https:\/\/new.findnews5.com\/index.php?rest_route=%2Fwp%2Fv2%2Fmedia&parent=7360"}],"wp:term":[{"taxonomy":"category","embeddable":true,"href":"https:\/\/new.findnews5.com\/index.php?rest_route=%2Fwp%2Fv2%2Fcategories&post=7360"},{"taxonomy":"post_tag","embeddable":true,"href":"https:\/\/new.findnews5.com\/index.php?rest_route=%2Fwp%2Fv2%2Ftags&post=7360"}],"curies":[{"name":"wp","href":"https:\/\/api.w.org\/{rel}","templated":true}]}}