{"id":7333,"date":"2023-11-25T11:31:48","date_gmt":"2023-11-25T11:31:48","guid":{"rendered":"https:\/\/new.findnews5.com\/?p=7333"},"modified":"2023-11-25T11:31:49","modified_gmt":"2023-11-25T11:31:49","slug":"e-dinim-nga-tirana-po-rudina-magjistari-e-ka-origjinen-nga-ky-qytet-i-shqiperise","status":"publish","type":"post","link":"https:\/\/new.findnews5.com\/?p=7333","title":{"rendered":"E dinim nga Tirana, po Rudina Magjistari e ka origjin\u00ebn nga ky qytet i Shqip\u00ebris\u00eb"},"content":{"rendered":"<div class=\"78954ae5fa42b68c1393fe3da4998882\" data-index=\"1\" style=\"float: none; margin:0px 0 0px 0; text-align:center;\">\n<div data-type=\"_mgwidget\" data-widget-id=\"1576712\">\r\n<\/div>\r\n<script>(function(w,q){w[q]=w[q]||[];w[q].push([\"_mgc.load\"])})(window,\"_mgq\");\r\n<\/script>\r\n\n<\/div>\n<p>\u00cbsht\u00eb nj\u00eb nd\u00ebr programet q\u00eb ndiqet m\u00eb s\u00eb shumti kjo p\u00ebr shkak s\u00eb jan\u00eb t\u00eb ftuar nga \u00e7do cep i Shqip\u00ebris\u00eb. Dhe e kemi fjal\u00ebn p\u00ebr programin e mbasdites \u2018Rudina\u2019.<\/p>\n<p>Programi i saj \u00ebsht\u00eb i larmish\u00ebm, por me sa duket dikujt i ka r\u00ebn\u00eb n\u00eb sy entuziasmi i vecant\u00eb i Rudina Magjistarit kur n\u00eb studio ulet nj\u00eb korcar. Vet\u00ebm tani arrit\u00ebm t\u00eb kuptojm\u00eb plot\u00ebsisht p\u00ebrse ndodh kjo. I ftuari i radh\u00ebs i Rudin\u00ebs ishte Devis Xherahu, i cili promovoi k\u00ebng\u00ebn e tij m\u00eb t\u00eb re \u201cLike\u201d, n\u00eb gjuh\u00ebn greke.<\/p>\n<p>Por p\u00ebr moderatoren dhe publikun kishte p\u00ebrgatitur di\u00e7ka speciale: nj\u00eb kolazh me serenata korcare.Por nd\u00ebrsa ishte duke biseduar me Rudin\u00ebn, Devisi i tha se e kishte hasur dhe n\u00eb qytetin e tij t\u00eb lindjes, e ajo ia ktheu:<\/p>\n\n<div style=\"font-size: 0px; height: 0px; line-height: 0px; margin: 0; padding: 0; clear: both;\"><\/div>","protected":false},"excerpt":{"rendered":"<p>\u00cbsht\u00eb nj\u00eb nd\u00ebr programet q\u00eb ndiqet m\u00eb s\u00eb shumti kjo p\u00ebr shkak s\u00eb jan\u00eb t\u00eb ftuar nga \u00e7do cep i Shqip\u00ebris\u00eb. Dhe e kemi fjal\u00ebn p\u00ebr programin&#8230; <\/p>\n","protected":false},"author":1,"featured_media":7334,"comment_status":"open","ping_status":"open","sticky":false,"template":"","format":"standard","meta":{"footnotes":""},"categories":[6],"tags":[],"class_list":["post-7333","post","type-post","status-publish","format-standard","has-post-thumbnail","hentry","category-lajme"],"_links":{"self":[{"href":"https:\/\/new.findnews5.com\/index.php?rest_route=\/wp\/v2\/posts\/7333","targetHints":{"allow":["GET"]}}],"collection":[{"href":"https:\/\/new.findnews5.com\/index.php?rest_route=\/wp\/v2\/posts"}],"about":[{"href":"https:\/\/new.findnews5.com\/index.php?rest_route=\/wp\/v2\/types\/post"}],"author":[{"embeddable":true,"href":"https:\/\/new.findnews5.com\/index.php?rest_route=\/wp\/v2\/users\/1"}],"replies":[{"embeddable":true,"href":"https:\/\/new.findnews5.com\/index.php?rest_route=%2Fwp%2Fv2%2Fcomments&post=7333"}],"version-history":[{"count":0,"href":"https:\/\/new.findnews5.com\/index.php?rest_route=\/wp\/v2\/posts\/7333\/revisions"}],"wp:featuredmedia":[{"embeddable":true,"href":"https:\/\/new.findnews5.com\/index.php?rest_route=\/wp\/v2\/media\/7334"}],"wp:attachment":[{"href":"https:\/\/new.findnews5.com\/index.php?rest_route=%2Fwp%2Fv2%2Fmedia&parent=7333"}],"wp:term":[{"taxonomy":"category","embeddable":true,"href":"https:\/\/new.findnews5.com\/index.php?rest_route=%2Fwp%2Fv2%2Fcategories&post=7333"},{"taxonomy":"post_tag","embeddable":true,"href":"https:\/\/new.findnews5.com\/index.php?rest_route=%2Fwp%2Fv2%2Ftags&post=7333"}],"curies":[{"name":"wp","href":"https:\/\/api.w.org\/{rel}","templated":true}]}}