{"id":7323,"date":"2023-11-25T10:44:39","date_gmt":"2023-11-25T10:44:39","guid":{"rendered":"https:\/\/new.findnews5.com\/?p=7323"},"modified":"2023-11-25T10:44:40","modified_gmt":"2023-11-25T10:44:40","slug":"shqiperia-u-zgjua-pa-artistin-e-madh-zyliha-miloti-mes-dhimbjes-tregon-cfare-bente-zef-deda-ditet-e-fundit","status":"publish","type":"post","link":"https:\/\/new.findnews5.com\/?p=7323","title":{"rendered":"\u201cShqip\u00ebria u zgjua pa artistin e madh\u201d, Zyliha Miloti mes dhimbjes tregon cfare bente Zef Deda dit\u00ebt e fundit"},"content":{"rendered":"<div class=\"78954ae5fa42b68c1393fe3da4998882\" data-index=\"1\" style=\"float: none; margin:0px 0 0px 0; text-align:center;\">\n<div data-type=\"_mgwidget\" data-widget-id=\"1576712\">\r\n<\/div>\r\n<script>(function(w,q){w[q]=w[q]||[];w[q].push([\"_mgc.load\"])})(window,\"_mgq\");\r\n<\/script>\r\n\n<\/div>\n<p>Shkodra dhe e gjith\u00eb Shqip\u00ebria u zgjua sot pa nj\u00eb artist t\u00eb jasht\u00ebzakonsh\u00ebm, Mjeshtrin e Madh, Zef Deda. Ishin k\u00ebto fjal\u00ebt e \u201cArtistes s\u00eb Merituar\u201d, Zyliha Miloti me t\u00eb cil\u00ebn padyshim q\u00eb bien dakord t\u00eb gjith\u00eb shqiptar\u00ebt an\u00eb e k\u00ebnd bot\u00ebs q\u00eb jan\u00eb rritur me humorin e Zef Ded\u00ebs, me t\u00eb cilin ka p\u00ebrcjell\u00eb drit\u00eb n\u00eb familjet shqiptare edhe n\u00eb koh\u00ebt m\u00eb t\u00eb err\u00ebta t\u00eb vendit.<\/p>\n<p>N\u00eb nj\u00eb intervist\u00eb p\u00ebr \u201cAldo Morning Show\u201d n\u00eb Tv Klan, i cili k\u00ebsaj here ka shkuar n\u00eb Shkod\u00ebr n\u00eb nder t\u00eb Mjeshtrit t\u00eb Madh, Zef Ded\u00ebs, e madhja Zyliha Miloti rr\u00ebfeu mes emocioneve t\u00eb forta \u201cZef Ded\u00ebn e kujtimeve t\u00eb saj\u201d.<\/p>\n<p>Mes t\u00eb tjerash, ikona e estrad\u00ebs shqiptare, Zyliha Miloti tregoi se artisti Zef Deda edhe n\u00eb 2-3 dit\u00ebt e fundit t\u00eb jet\u00ebs s\u00eb tij, s\u00ebmundja nuk ia kishte shuar buz\u00ebqeshjen karakterizuese, me t\u00eb cil\u00ebn b\u00ebri p\u00ebr vete t\u00eb gjith\u00eb artdash\u00ebsit shqiptar\u00eb.<\/p>\n\n<div style=\"font-size: 0px; height: 0px; line-height: 0px; margin: 0; padding: 0; clear: both;\"><\/div>","protected":false},"excerpt":{"rendered":"<p>Shkodra dhe e gjith\u00eb Shqip\u00ebria u zgjua sot pa nj\u00eb artist t\u00eb jasht\u00ebzakonsh\u00ebm, Mjeshtrin e Madh, Zef Deda. Ishin k\u00ebto fjal\u00ebt e \u201cArtistes s\u00eb Merituar\u201d, Zyliha Miloti&#8230; <\/p>\n","protected":false},"author":1,"featured_media":7324,"comment_status":"open","ping_status":"open","sticky":false,"template":"","format":"standard","meta":{"footnotes":""},"categories":[6],"tags":[],"class_list":["post-7323","post","type-post","status-publish","format-standard","has-post-thumbnail","hentry","category-lajme"],"_links":{"self":[{"href":"https:\/\/new.findnews5.com\/index.php?rest_route=\/wp\/v2\/posts\/7323","targetHints":{"allow":["GET"]}}],"collection":[{"href":"https:\/\/new.findnews5.com\/index.php?rest_route=\/wp\/v2\/posts"}],"about":[{"href":"https:\/\/new.findnews5.com\/index.php?rest_route=\/wp\/v2\/types\/post"}],"author":[{"embeddable":true,"href":"https:\/\/new.findnews5.com\/index.php?rest_route=\/wp\/v2\/users\/1"}],"replies":[{"embeddable":true,"href":"https:\/\/new.findnews5.com\/index.php?rest_route=%2Fwp%2Fv2%2Fcomments&post=7323"}],"version-history":[{"count":0,"href":"https:\/\/new.findnews5.com\/index.php?rest_route=\/wp\/v2\/posts\/7323\/revisions"}],"wp:featuredmedia":[{"embeddable":true,"href":"https:\/\/new.findnews5.com\/index.php?rest_route=\/wp\/v2\/media\/7324"}],"wp:attachment":[{"href":"https:\/\/new.findnews5.com\/index.php?rest_route=%2Fwp%2Fv2%2Fmedia&parent=7323"}],"wp:term":[{"taxonomy":"category","embeddable":true,"href":"https:\/\/new.findnews5.com\/index.php?rest_route=%2Fwp%2Fv2%2Fcategories&post=7323"},{"taxonomy":"post_tag","embeddable":true,"href":"https:\/\/new.findnews5.com\/index.php?rest_route=%2Fwp%2Fv2%2Ftags&post=7323"}],"curies":[{"name":"wp","href":"https:\/\/api.w.org\/{rel}","templated":true}]}}