{"id":7320,"date":"2023-11-25T10:39:29","date_gmt":"2023-11-25T10:39:29","guid":{"rendered":"https:\/\/new.findnews5.com\/?p=7320"},"modified":"2023-11-25T10:39:31","modified_gmt":"2023-11-25T10:39:31","slug":"adoptoi-nje-femije-sepse-fjodora-fjora-meshkujt-shqiptare-e-kane-fajin-qe-jam-beqare-ata-duan-vetem-te","status":"publish","type":"post","link":"https:\/\/new.findnews5.com\/?p=7320","title":{"rendered":"Adoptoi nj\u00eb f\u00ebmij\u00eb sepse\u2026! Fjodora Fjora: Meshkujt shqiptare e kane fajin qe jam beqare, ata duan vetem te\u2026"},"content":{"rendered":"<div class=\"78954ae5fa42b68c1393fe3da4998882\" data-index=\"1\" style=\"float: none; margin:0px 0 0px 0; text-align:center;\">\n<div data-type=\"_mgwidget\" data-widget-id=\"1576712\">\r\n<\/div>\r\n<script>(function(w,q){w[q]=w[q]||[];w[q].push([\"_mgc.load\"])})(window,\"_mgq\");\r\n<\/script>\r\n\n<\/div>\n<p>Disa koh\u00eb m\u00eb par\u00eb n\u00eb media u aludua n\u00eb media e rrjetet sociale se Fjodora Fjora ishte n\u00eb nj\u00eb lidhje t\u00eb re, nisur nga nj\u00eb deklarat\u00eb e vet\u00eb moderatores. N\u00eb fakt lajmi jo se \u00ebsht\u00eb i pav\u00ebrtet\u00eb, por mesa duket mund t\u00eb jet\u00eb keqinterpretuar,<br \/>\nteksa e ftuar mbr\u00ebmjen e djeshme n\u00eb \u201cNat\u00ebn me Aulon\u00ebn\u201d, gazetarja tha se ishte n\u00eb nj\u00eb periudh\u00eb njohje me dik\u00eb, madje nj\u00eb njohje n\u00eb distanc\u00eb dhe ende \u00ebsht\u00eb, por nuk i ka dh\u00ebn\u00eb akoma nj\u00eb \u201cem\u00ebr\u201d marr\u00ebdh\u00ebnies q\u00eb ata kan\u00eb dhe statusi i saj p\u00ebr momentin mbetet single.<\/p>\n<p>N\u00eb lidhje me k\u00ebt\u00eb t\u00eb fundit, Fjodora tha se \u201cfajin\u201d n\u00eb lidhje me k\u00ebt\u00eb e kan\u00eb meshkujt, duke treguar se edhe n\u00ebse njeh dik\u00eb pas t\u00eb cilit \u201ccmendesh\u201d, kupton q\u00eb ata nuk duan t\u00eb impenjohen dhe i tremben k\u00ebsaj gj\u00ebje, cka e b\u00ebn edhe shum\u00eb t\u00eb v\u00ebshtr\u00eb p\u00ebr t\u00eb q\u00eb nis\u00eb nj\u00eb histori ashtu si duhet.<\/p>\n<p>teksa e ftuar mbr\u00ebmjen e djeshme n\u00eb \u201cNat\u00ebn me Aulon\u00ebn\u201d, gazetarja tha se ishte n\u00eb nj\u00eb periudh\u00eb njohje me dik\u00eb, madje nj\u00eb njohje n\u00eb distanc\u00eb dhe ende \u00ebsht\u00eb, por nuk i ka dh\u00ebn\u00eb akoma nj\u00eb \u201cem\u00ebr\u201d marr\u00ebdh\u00ebnies q\u00eb ata kan\u00eb dhe statusi i saj p\u00ebr momentin mbetet single.<\/p>\n\n<div style=\"font-size: 0px; height: 0px; line-height: 0px; margin: 0; padding: 0; clear: both;\"><\/div>","protected":false},"excerpt":{"rendered":"<p>Disa koh\u00eb m\u00eb par\u00eb n\u00eb media u aludua n\u00eb media e rrjetet sociale se Fjodora Fjora ishte n\u00eb nj\u00eb lidhje t\u00eb re, nisur nga nj\u00eb deklarat\u00eb e&#8230; <\/p>\n","protected":false},"author":1,"featured_media":7321,"comment_status":"open","ping_status":"open","sticky":false,"template":"","format":"standard","meta":{"footnotes":""},"categories":[6],"tags":[],"class_list":["post-7320","post","type-post","status-publish","format-standard","has-post-thumbnail","hentry","category-lajme"],"_links":{"self":[{"href":"https:\/\/new.findnews5.com\/index.php?rest_route=\/wp\/v2\/posts\/7320","targetHints":{"allow":["GET"]}}],"collection":[{"href":"https:\/\/new.findnews5.com\/index.php?rest_route=\/wp\/v2\/posts"}],"about":[{"href":"https:\/\/new.findnews5.com\/index.php?rest_route=\/wp\/v2\/types\/post"}],"author":[{"embeddable":true,"href":"https:\/\/new.findnews5.com\/index.php?rest_route=\/wp\/v2\/users\/1"}],"replies":[{"embeddable":true,"href":"https:\/\/new.findnews5.com\/index.php?rest_route=%2Fwp%2Fv2%2Fcomments&post=7320"}],"version-history":[{"count":0,"href":"https:\/\/new.findnews5.com\/index.php?rest_route=\/wp\/v2\/posts\/7320\/revisions"}],"wp:featuredmedia":[{"embeddable":true,"href":"https:\/\/new.findnews5.com\/index.php?rest_route=\/wp\/v2\/media\/7321"}],"wp:attachment":[{"href":"https:\/\/new.findnews5.com\/index.php?rest_route=%2Fwp%2Fv2%2Fmedia&parent=7320"}],"wp:term":[{"taxonomy":"category","embeddable":true,"href":"https:\/\/new.findnews5.com\/index.php?rest_route=%2Fwp%2Fv2%2Fcategories&post=7320"},{"taxonomy":"post_tag","embeddable":true,"href":"https:\/\/new.findnews5.com\/index.php?rest_route=%2Fwp%2Fv2%2Ftags&post=7320"}],"curies":[{"name":"wp","href":"https:\/\/api.w.org\/{rel}","templated":true}]}}