{"id":7297,"date":"2023-11-24T23:26:00","date_gmt":"2023-11-24T23:26:00","guid":{"rendered":"https:\/\/new.findnews5.com\/?p=7297"},"modified":"2023-11-24T23:26:01","modified_gmt":"2023-11-24T23:26:01","slug":"elvana-gjata-nen-hetim-nga-spak-dyshohet-se-mbulon-pasurite-e-bolit","status":"publish","type":"post","link":"https:\/\/new.findnews5.com\/?p=7297","title":{"rendered":"Elvana Gjata n\u00ebn hetim nga SPAK. Dyshohet se mbulon pasurit\u00eb e Bolit"},"content":{"rendered":"<div class=\"78954ae5fa42b68c1393fe3da4998882\" data-index=\"1\" style=\"float: none; margin:0px 0 0px 0; text-align:center;\">\n<div data-type=\"_mgwidget\" data-widget-id=\"1576712\">\r\n<\/div>\r\n<script>(function(w,q){w[q]=w[q]||[];w[q].push([\"_mgc.load\"])})(window,\"_mgq\");\r\n<\/script>\r\n\n<\/div>\n<p>Prokuroria e Posa\u00e7me ka nisur hetim pasuror dhe jo vet\u00ebm, p\u00ebr afro 40 persona, shumica familjar\u00eb t\u00eb t\u00eb arrestuarve n\u00eb kuad\u00ebr t\u00eb aksionit t\u00eb pak dit\u00ebve m\u00eb par\u00eb, ku ra n\u00eb pranga Erzen Bre\u00e7ani.<\/p>\n<p>SPAK zbuloi se jan\u00eb trafikuar tonelata kokain\u00eb nga Ervin Mata dhe djali i Erzen Bre\u00e7anit, teksa n\u00eb biseda dalin dhe emra t\u00eb tjer\u00eb. Po ashtu, kan\u00eb dal\u00eb fakte se si i ati i Ervin Mat\u00ebs po nd\u00ebrton nj\u00eb kull\u00eb te ish-ekspozita q\u00eb dyshohet me para droge.<\/p>\n<p>P\u00ebr k\u00ebt\u00eb arsye SPAK \u00ebsht\u00eb v\u00ebn\u00eb n\u00eb l\u00ebvizje dhe m\u00ebsohet se ka futur n\u00eb skaner gjith\u00eb familajen e Ervin Mat\u00ebs. M\u00ebsohet se do t\u00eb verifikohen i ati i tij Luan Mata dhe e \u00ebma Merita Mata. Po ashtu n\u00eb skaner \u00ebsht\u00eb futur dhe tezja e tij, Emis Mata. Em\u00ebr i njohur padyshim \u00ebsht\u00eb ai i Elvana Gjat\u00ebs, t\u00eb cil\u00ebt kan\u00eb qen\u00eb prej vitesh n\u00eb nj\u00eb lidhje. Gjata u p\u00ebrmend dy her\u00eb n\u00eb komunikime, ku duket se p\u00ebrdorej p\u00ebr transferimin e parave.<\/p>\n\n<div style=\"font-size: 0px; height: 0px; line-height: 0px; margin: 0; padding: 0; clear: both;\"><\/div>","protected":false},"excerpt":{"rendered":"<p>Prokuroria e Posa\u00e7me ka nisur hetim pasuror dhe jo vet\u00ebm, p\u00ebr afro 40 persona, shumica familjar\u00eb t\u00eb t\u00eb arrestuarve n\u00eb kuad\u00ebr t\u00eb aksionit t\u00eb pak dit\u00ebve m\u00eb&#8230; <\/p>\n","protected":false},"author":1,"featured_media":7298,"comment_status":"open","ping_status":"open","sticky":false,"template":"","format":"standard","meta":{"footnotes":""},"categories":[6],"tags":[],"class_list":["post-7297","post","type-post","status-publish","format-standard","has-post-thumbnail","hentry","category-lajme"],"_links":{"self":[{"href":"https:\/\/new.findnews5.com\/index.php?rest_route=\/wp\/v2\/posts\/7297","targetHints":{"allow":["GET"]}}],"collection":[{"href":"https:\/\/new.findnews5.com\/index.php?rest_route=\/wp\/v2\/posts"}],"about":[{"href":"https:\/\/new.findnews5.com\/index.php?rest_route=\/wp\/v2\/types\/post"}],"author":[{"embeddable":true,"href":"https:\/\/new.findnews5.com\/index.php?rest_route=\/wp\/v2\/users\/1"}],"replies":[{"embeddable":true,"href":"https:\/\/new.findnews5.com\/index.php?rest_route=%2Fwp%2Fv2%2Fcomments&post=7297"}],"version-history":[{"count":0,"href":"https:\/\/new.findnews5.com\/index.php?rest_route=\/wp\/v2\/posts\/7297\/revisions"}],"wp:featuredmedia":[{"embeddable":true,"href":"https:\/\/new.findnews5.com\/index.php?rest_route=\/wp\/v2\/media\/7298"}],"wp:attachment":[{"href":"https:\/\/new.findnews5.com\/index.php?rest_route=%2Fwp%2Fv2%2Fmedia&parent=7297"}],"wp:term":[{"taxonomy":"category","embeddable":true,"href":"https:\/\/new.findnews5.com\/index.php?rest_route=%2Fwp%2Fv2%2Fcategories&post=7297"},{"taxonomy":"post_tag","embeddable":true,"href":"https:\/\/new.findnews5.com\/index.php?rest_route=%2Fwp%2Fv2%2Ftags&post=7297"}],"curies":[{"name":"wp","href":"https:\/\/api.w.org\/{rel}","templated":true}]}}