{"id":7267,"date":"2023-11-24T00:51:15","date_gmt":"2023-11-24T00:51:15","guid":{"rendered":"https:\/\/new.findnews5.com\/?p=7267"},"modified":"2023-11-24T00:51:17","modified_gmt":"2023-11-24T00:51:17","slug":"liroi-dhendrin-a-i-dha-shkelzeni-1-milione-euro-burrit-te-gjyqtares-iliriana-olldashi-spak-po-i-monitoron","status":"publish","type":"post","link":"https:\/\/new.findnews5.com\/?p=7267","title":{"rendered":"Liroi dh\u00ebndrin \/ A i dha Shk\u00eblzeni 1 milion\u00eb euro burrit t\u00eb gjyqtares Iliriana Olldashi? SPAK po i monitoron"},"content":{"rendered":"<div class=\"78954ae5fa42b68c1393fe3da4998882\" data-index=\"1\" style=\"float: none; margin:0px 0 0px 0; text-align:center;\">\n<div data-type=\"_mgwidget\" data-widget-id=\"1576712\">\r\n<\/div>\r\n<script>(function(w,q){w[q]=w[q]||[];w[q].push([\"_mgc.load\"])})(window,\"_mgq\");\r\n<\/script>\r\n\n<\/div>\n<p>Hije t\u00eb forta dyshimi hodhi mbi drejt\u00ebsin\u00eb e re vendimi i gjykat\u00ebses Iliriana Olldashi, p\u00ebr t\u00eb liruar nga paraburgimi Jamarb\u00ebr Malltezin, dh\u00ebndrin e ish-kryeministrit Berisha.<\/p>\n<p>Dyshimet u b\u00ebn\u00eb edhe m\u00eb t\u00eb forta, n\u00eb koh\u00ebn kur edhe vet\u00eb SPAK dyshon dhe k\u00ebrkon q\u00eb kjo gjyqtare t\u00eb jap\u00eb dor\u00ebheqjen, sepse ka konflikt interesi.<\/p>\n<p>Sipas SPAK, gjyqtarja ka bler\u00eb sht\u00ebpi n\u00eb kompanin\u00eb e cila nd\u00ebrtoi n\u00eb kompleksin \u201cPartizani\u201d, p\u00ebr t\u00eb cil\u00ebn akuzohet edhe vet\u00eb Malltezi. Dhe sipas mediave, e ka bler\u00eb me nj\u00eb \u00e7mim t\u00eb favorsh\u00ebm.<\/p>\n<p>Gjyqtarja ende nuk e ka zbardhur vendimin p\u00ebr t\u00eb par\u00eb arsyetimin, por p\u00ebr prokuror\u00ebt e SPAK ka di\u00e7ka q\u00eb nuk shkon.<\/p>\n\n<div style=\"font-size: 0px; height: 0px; line-height: 0px; margin: 0; padding: 0; clear: both;\"><\/div>","protected":false},"excerpt":{"rendered":"<p>Hije t\u00eb forta dyshimi hodhi mbi drejt\u00ebsin\u00eb e re vendimi i gjykat\u00ebses Iliriana Olldashi, p\u00ebr t\u00eb liruar nga paraburgimi Jamarb\u00ebr Malltezin, dh\u00ebndrin e ish-kryeministrit Berisha. Dyshimet u&#8230; <\/p>\n","protected":false},"author":1,"featured_media":7268,"comment_status":"open","ping_status":"open","sticky":false,"template":"","format":"standard","meta":{"footnotes":""},"categories":[6],"tags":[],"class_list":["post-7267","post","type-post","status-publish","format-standard","has-post-thumbnail","hentry","category-lajme"],"_links":{"self":[{"href":"https:\/\/new.findnews5.com\/index.php?rest_route=\/wp\/v2\/posts\/7267","targetHints":{"allow":["GET"]}}],"collection":[{"href":"https:\/\/new.findnews5.com\/index.php?rest_route=\/wp\/v2\/posts"}],"about":[{"href":"https:\/\/new.findnews5.com\/index.php?rest_route=\/wp\/v2\/types\/post"}],"author":[{"embeddable":true,"href":"https:\/\/new.findnews5.com\/index.php?rest_route=\/wp\/v2\/users\/1"}],"replies":[{"embeddable":true,"href":"https:\/\/new.findnews5.com\/index.php?rest_route=%2Fwp%2Fv2%2Fcomments&post=7267"}],"version-history":[{"count":0,"href":"https:\/\/new.findnews5.com\/index.php?rest_route=\/wp\/v2\/posts\/7267\/revisions"}],"wp:featuredmedia":[{"embeddable":true,"href":"https:\/\/new.findnews5.com\/index.php?rest_route=\/wp\/v2\/media\/7268"}],"wp:attachment":[{"href":"https:\/\/new.findnews5.com\/index.php?rest_route=%2Fwp%2Fv2%2Fmedia&parent=7267"}],"wp:term":[{"taxonomy":"category","embeddable":true,"href":"https:\/\/new.findnews5.com\/index.php?rest_route=%2Fwp%2Fv2%2Fcategories&post=7267"},{"taxonomy":"post_tag","embeddable":true,"href":"https:\/\/new.findnews5.com\/index.php?rest_route=%2Fwp%2Fv2%2Ftags&post=7267"}],"curies":[{"name":"wp","href":"https:\/\/api.w.org\/{rel}","templated":true}]}}