{"id":7249,"date":"2023-11-24T00:15:30","date_gmt":"2023-11-24T00:15:30","guid":{"rendered":"https:\/\/new.findnews5.com\/?p=7249"},"modified":"2023-11-24T00:15:31","modified_gmt":"2023-11-24T00:15:31","slug":"emri-kush-eshte-biznesmeni-qe-u-vetevra-sot-ne-durres-edhe-motra-po-ne-te-njejten-menyre-humbi-jeten","status":"publish","type":"post","link":"https:\/\/new.findnews5.com\/?p=7249","title":{"rendered":"EMRI\/ Kush \u00ebsht\u00eb biznesmeni q\u00eb u vet\u00ebvra sot n\u00eb Durr\u00ebs, edhe motra po n\u00eb t\u00eb nj\u00ebjt\u00ebn m\u00ebnyr\u00eb humbi jeten.."},"content":{"rendered":"<div class=\"78954ae5fa42b68c1393fe3da4998882\" data-index=\"1\" style=\"float: none; margin:0px 0 0px 0; text-align:center;\">\n<div data-type=\"_mgwidget\" data-widget-id=\"1576712\">\r\n<\/div>\r\n<script>(function(w,q){w[q]=w[q]||[];w[q].push([\"_mgc.load\"])})(window,\"_mgq\");\r\n<\/script>\r\n\n<\/div>\n<p>  \u00cbsht\u00eb zbuluar identiteti i biznesmenit 40-vje\u00e7ar q\u00eb humbi jet\u00ebn tragjikisht pasditen e k\u00ebsaj t\u00eb enjteje n\u00eb Durr\u00ebs.M\u00ebsohet se viktima \u00ebsht\u00eb Ilir Myshketa, baba i dy f\u00ebmij\u00ebve, i cili ka kryer vet\u00ebvrasje duke u hedhur nga kati i 9-t\u00eb i pallatit 12-kat\u00ebsh, ku vet\u00eb banonte n\u00eb lagjen nr.1 t\u00eb qytetit bregdetar.<\/p>\n<p>Pas hedhjes, ai ka p\u00ebrfunduar n\u00eb tarrac\u00ebn e katit t\u00eb dyt\u00eb, nd\u00ebrsa ende nuk jan\u00eb b\u00ebr\u00eb t\u00eb ditura rrethanat e ngjarjes dhe motivet, q\u00eb e kan\u00eb shtyr\u00eb viktim\u00ebn drejt marrjes s\u00eb jet\u00ebs.Burime konfirmojn\u00eb, se kjo \u00ebsht\u00eb tragjedia e dyt\u00eb n\u00eb k\u00ebt\u00eb familje, pasi koh\u00eb m\u00eb par\u00eb edhe e motra ka nd\u00ebrruar jet\u00eb n\u00eb t\u00eb njejt\u00ebn form\u00eb, duke kryer aktin e r\u00ebnd\u00eb t\u00eb vet\u00ebvrasjes.<\/p>\n<p>Njoftimi i Policis\u00eb:Durr\u00ebs\/Informacion paraprakN\u00eb lagjen nr. 1 Durr\u00ebs, dyshohet se ka r\u00ebn\u00eb aksidentalisht nga kati i n\u00ebnt\u00eb i pallatit ku banonte, shtetasi I. M., rreth 40 vje\u00e7, i cili si pasoj\u00eb ka humbur jet\u00ebn.Grupi hetimor ndodhet n\u00eb vendngjarje dhe vijon pun\u00ebn p\u00ebr sqarimin e rrethanave dhe dokumentimin e plot\u00eb ligjor t\u00eb k\u00ebsaj ngjarjeje.\/shqip\/<\/p>\n\n<div style=\"font-size: 0px; height: 0px; line-height: 0px; margin: 0; padding: 0; clear: both;\"><\/div>","protected":false},"excerpt":{"rendered":"<p>\u00cbsht\u00eb zbuluar identiteti i biznesmenit 40-vje\u00e7ar q\u00eb humbi jet\u00ebn tragjikisht pasditen e k\u00ebsaj t\u00eb enjteje n\u00eb Durr\u00ebs.M\u00ebsohet se viktima \u00ebsht\u00eb Ilir Myshketa, baba i dy f\u00ebmij\u00ebve, i&#8230; <\/p>\n","protected":false},"author":1,"featured_media":7250,"comment_status":"open","ping_status":"open","sticky":false,"template":"","format":"standard","meta":{"footnotes":""},"categories":[6],"tags":[],"class_list":["post-7249","post","type-post","status-publish","format-standard","has-post-thumbnail","hentry","category-lajme"],"_links":{"self":[{"href":"https:\/\/new.findnews5.com\/index.php?rest_route=\/wp\/v2\/posts\/7249","targetHints":{"allow":["GET"]}}],"collection":[{"href":"https:\/\/new.findnews5.com\/index.php?rest_route=\/wp\/v2\/posts"}],"about":[{"href":"https:\/\/new.findnews5.com\/index.php?rest_route=\/wp\/v2\/types\/post"}],"author":[{"embeddable":true,"href":"https:\/\/new.findnews5.com\/index.php?rest_route=\/wp\/v2\/users\/1"}],"replies":[{"embeddable":true,"href":"https:\/\/new.findnews5.com\/index.php?rest_route=%2Fwp%2Fv2%2Fcomments&post=7249"}],"version-history":[{"count":0,"href":"https:\/\/new.findnews5.com\/index.php?rest_route=\/wp\/v2\/posts\/7249\/revisions"}],"wp:featuredmedia":[{"embeddable":true,"href":"https:\/\/new.findnews5.com\/index.php?rest_route=\/wp\/v2\/media\/7250"}],"wp:attachment":[{"href":"https:\/\/new.findnews5.com\/index.php?rest_route=%2Fwp%2Fv2%2Fmedia&parent=7249"}],"wp:term":[{"taxonomy":"category","embeddable":true,"href":"https:\/\/new.findnews5.com\/index.php?rest_route=%2Fwp%2Fv2%2Fcategories&post=7249"},{"taxonomy":"post_tag","embeddable":true,"href":"https:\/\/new.findnews5.com\/index.php?rest_route=%2Fwp%2Fv2%2Ftags&post=7249"}],"curies":[{"name":"wp","href":"https:\/\/api.w.org\/{rel}","templated":true}]}}