{"id":7237,"date":"2023-11-23T23:49:55","date_gmt":"2023-11-23T23:49:55","guid":{"rendered":"https:\/\/new.findnews5.com\/?p=7237"},"modified":"2023-11-23T23:49:58","modified_gmt":"2023-11-23T23:49:58","slug":"edi-rama-nuk-humb-kohe-mbledh-deputetet-socialiste-ja-levizja-e-tij-2","status":"publish","type":"post","link":"https:\/\/new.findnews5.com\/?p=7237","title":{"rendered":"Edi Rama nuk humb koh\u00eb! Mbledh deputet\u00ebt socialist\u00eb. Ja l\u00ebvizja e tij\u2026"},"content":{"rendered":"<div class=\"78954ae5fa42b68c1393fe3da4998882\" data-index=\"1\" style=\"float: none; margin:0px 0 0px 0; text-align:center;\">\n<div data-type=\"_mgwidget\" data-widget-id=\"1576712\">\r\n<\/div>\r\n<script>(function(w,q){w[q]=w[q]||[];w[q].push([\"_mgc.load\"])})(window,\"_mgq\");\r\n<\/script>\r\n\n<\/div>\n<p>Grupi Parlamentar i PS \u00ebsht\u00eb mbledhur sot n\u00eb nj\u00eb takim, ku i pranish\u00ebm ka qen\u00eb edhe kryeministri Edi Rama.<br \/>\nDetaje jan\u00eb zbardhur nga diskutimet e Ram\u00ebs me deputet\u00ebt e mazhoranc\u00ebs. M\u00ebsohet se Rama n\u00eb mbledhje u ndal tek bashk\u00ebpunimi mes grupit parlamentar dhe qeveris\u00eb p\u00ebr \u00e7\u00ebshtje me interes.<\/p>\n<p>Burimet bejne me dije se Shefi i Qeveris\u00eb u ka k\u00ebrkuar deputet\u00ebve socialist\u00eb m\u00eb shum\u00eb angazhim n\u00eb Kuvend si dhe t\u00eb jen\u00eb n\u00eb kontak me qytetar\u00ebt n\u00eb terren. Nj\u00eb tjet\u00ebr tem\u00eb diskutimi ka qen\u00eb dhe mbi prioritetet e projektbuxhetit p\u00ebr vitin e ardhsh\u00ebm dhe k\u00ebrkoi angazhim t\u00eb deputet\u00ebve n\u00eb diskutimin parlamentar t\u00eb projektbuxhetit.<\/p>\n<p>Grupi diskutoi edhe mbi organizimin e Kongresit t\u00eb jasht\u00ebzakonsh\u00ebm t\u00eb PS-s\u00eb q\u00eb pritet t\u00eb mblidhet t\u00eb fillim t\u00eb n\u00ebntorit.<\/p>\n\n<div style=\"font-size: 0px; height: 0px; line-height: 0px; margin: 0; padding: 0; clear: both;\"><\/div>","protected":false},"excerpt":{"rendered":"<p>Grupi Parlamentar i PS \u00ebsht\u00eb mbledhur sot n\u00eb nj\u00eb takim, ku i pranish\u00ebm ka qen\u00eb edhe kryeministri Edi Rama. Detaje jan\u00eb zbardhur nga diskutimet e Ram\u00ebs me&#8230; <\/p>\n","protected":false},"author":1,"featured_media":7238,"comment_status":"open","ping_status":"open","sticky":false,"template":"","format":"standard","meta":{"footnotes":""},"categories":[6],"tags":[],"class_list":["post-7237","post","type-post","status-publish","format-standard","has-post-thumbnail","hentry","category-lajme"],"_links":{"self":[{"href":"https:\/\/new.findnews5.com\/index.php?rest_route=\/wp\/v2\/posts\/7237","targetHints":{"allow":["GET"]}}],"collection":[{"href":"https:\/\/new.findnews5.com\/index.php?rest_route=\/wp\/v2\/posts"}],"about":[{"href":"https:\/\/new.findnews5.com\/index.php?rest_route=\/wp\/v2\/types\/post"}],"author":[{"embeddable":true,"href":"https:\/\/new.findnews5.com\/index.php?rest_route=\/wp\/v2\/users\/1"}],"replies":[{"embeddable":true,"href":"https:\/\/new.findnews5.com\/index.php?rest_route=%2Fwp%2Fv2%2Fcomments&post=7237"}],"version-history":[{"count":0,"href":"https:\/\/new.findnews5.com\/index.php?rest_route=\/wp\/v2\/posts\/7237\/revisions"}],"wp:featuredmedia":[{"embeddable":true,"href":"https:\/\/new.findnews5.com\/index.php?rest_route=\/wp\/v2\/media\/7238"}],"wp:attachment":[{"href":"https:\/\/new.findnews5.com\/index.php?rest_route=%2Fwp%2Fv2%2Fmedia&parent=7237"}],"wp:term":[{"taxonomy":"category","embeddable":true,"href":"https:\/\/new.findnews5.com\/index.php?rest_route=%2Fwp%2Fv2%2Fcategories&post=7237"},{"taxonomy":"post_tag","embeddable":true,"href":"https:\/\/new.findnews5.com\/index.php?rest_route=%2Fwp%2Fv2%2Ftags&post=7237"}],"curies":[{"name":"wp","href":"https:\/\/api.w.org\/{rel}","templated":true}]}}